{"id":7912,"date":"2014-04-30T19:32:59","date_gmt":"2014-04-30T17:32:59","guid":{"rendered":"http:\/\/www.psychologie-aktuell.info\/reha\/?p=7912"},"modified":"2014-04-30T19:30:31","modified_gmt":"2014-04-30T17:30:31","slug":"hirnstrukturelle-veraenderungen-bei-der-schizophrenie","status":"publish","type":"post","link":"https:\/\/www.psychologie-aktuell.info\/reha\/2014\/04\/hirnstrukturelle-veraenderungen-bei-der-schizophrenie\/","title":{"rendered":"Hirnstrukturelle Ver\u00e4nderungen bei der Schizophrenie"},"content":{"rendered":"<blockquote><p><strong>Kernaussagen<\/strong><br \/>\nHirnstrukturelle Ver\u00e4nderungen bei Schizophrenien sind diskret, weisen eine erhebliche interindividuelle Varianz auf und k\u00f6nnen deswegen nach aktuellem Kenntnisstand nicht zur Diagnosestellung einer Schizophrenie verwendet werden. Trotzdem erbringen Studien an gr\u00f6\u00dferen Kollektiven robuste Hinweise auf Ver\u00e4nderungen der Grauen Substanz in fronto-temporo-thalamischen Regionen und Anomalien der Wei\u00dfen Substanz in frontalen und temporalen Netzwerken. Das Muster der betroffenen Regionen scheint \u00fcber den Krankheitsverlauf stabil, jedoch beschreiben Studien eine Progredienz der Volumenver\u00e4nderungen im zeitlichen Verlauf bzw. eine Assoziation mit klinischen Parametern. Genetische Faktoren scheinen diese Ver\u00e4nderungen zu beeinflussen, der Einfluss antipsychotischer Medikation wird gegenw\u00e4rtig diskutiert.<\/p><\/blockquote>\n<p>Quelle: <a href=\"https:\/\/www.thieme-connect.de\/DOI\/DOI?10.1055\/s-0034-1369840\">Thieme E-Journals &#8211; PSYCH up2date \/ Abstract<\/a><\/p>\n","protected":false},"excerpt":{"rendered":"<p>Kernaussagen Hirnstrukturelle Ver\u00e4nderungen bei Schizophrenien sind diskret, weisen eine erhebliche interindividuelle Varianz auf und k\u00f6nnen deswegen nach aktuellem Kenntnisstand nicht zur Diagnosestellung einer Schizophrenie verwendet werden. Trotzdem erbringen Studien an gr\u00f6\u00dferen Kollektiven robuste Hinweise auf Ver\u00e4nderungen der Grauen Substanz in &hellip; <a href=\"https:\/\/www.psychologie-aktuell.info\/reha\/2014\/04\/hirnstrukturelle-veraenderungen-bei-der-schizophrenie\/\">Weiterlesen <span class=\"meta-nav\">&rarr;<\/span><\/a><\/p>\n","protected":false},"author":1,"featured_media":0,"comment_status":"closed","ping_status":"closed","sticky":false,"template":"","format":"standard","meta":{"_jetpack_memberships_contains_paid_content":false,"footnotes":""},"categories":[21],"tags":[],"class_list":["post-7912","post","type-post","status-publish","format-standard","hentry","category-zeitschriftenartikel"],"jetpack_featured_media_url":"","jetpack_shortlink":"https:\/\/wp.me\/p1fMVY-23C","jetpack_sharing_enabled":true,"_links":{"self":[{"href":"https:\/\/www.psychologie-aktuell.info\/reha\/wp-json\/wp\/v2\/posts\/7912","targetHints":{"allow":["GET"]}}],"collection":[{"href":"https:\/\/www.psychologie-aktuell.info\/reha\/wp-json\/wp\/v2\/posts"}],"about":[{"href":"https:\/\/www.psychologie-aktuell.info\/reha\/wp-json\/wp\/v2\/types\/post"}],"author":[{"embeddable":true,"href":"https:\/\/www.psychologie-aktuell.info\/reha\/wp-json\/wp\/v2\/users\/1"}],"replies":[{"embeddable":true,"href":"https:\/\/www.psychologie-aktuell.info\/reha\/wp-json\/wp\/v2\/comments?post=7912"}],"version-history":[{"count":3,"href":"https:\/\/www.psychologie-aktuell.info\/reha\/wp-json\/wp\/v2\/posts\/7912\/revisions"}],"predecessor-version":[{"id":8063,"href":"https:\/\/www.psychologie-aktuell.info\/reha\/wp-json\/wp\/v2\/posts\/7912\/revisions\/8063"}],"wp:attachment":[{"href":"https:\/\/www.psychologie-aktuell.info\/reha\/wp-json\/wp\/v2\/media?parent=7912"}],"wp:term":[{"taxonomy":"category","embeddable":true,"href":"https:\/\/www.psychologie-aktuell.info\/reha\/wp-json\/wp\/v2\/categories?post=7912"},{"taxonomy":"post_tag","embeddable":true,"href":"https:\/\/www.psychologie-aktuell.info\/reha\/wp-json\/wp\/v2\/tags?post=7912"}],"curies":[{"name":"wp","href":"https:\/\/api.w.org\/{rel}","templated":true}]}}