{"id":7958,"date":"2014-04-01T06:33:13","date_gmt":"2014-04-01T04:33:13","guid":{"rendered":"http:\/\/www.psychologie-aktuell.info\/reha\/?p=7958"},"modified":"2014-03-28T08:31:43","modified_gmt":"2014-03-28T07:31:43","slug":"psychiatrieentgeltsystem-2013-start-im-streit","status":"publish","type":"post","link":"https:\/\/www.psychologie-aktuell.info\/reha\/2014\/04\/psychiatrieentgeltsystem-2013-start-im-streit\/","title":{"rendered":"Psychiatrieentgeltsystem 2013 \u2013 Start im Streit"},"content":{"rendered":"<blockquote><p>Die bereits in 2009 eingeleitete Entwicklung eines durchg\u00e4ngigen, leistungsorientierten und pauschalierenden Verg\u00fctungssystems auf der Grundlage von tagesbezogenen Entgelten in der Psychiatrie und der Psychosomatik ist mit vielen Erwartungen an eine bessere Versorgung verbunden worden (Pauschalierendes Entgeltsystem f\u00fcr Psychiatrie und Psychosomatik (PEPP)). Diese sind mit einem rationalen Kalkulationsmodell, das einzig und allein die Verg\u00fctung nach leistungsorientierten Gesichtspunkten neu regelt, dramatisch entt\u00e4uscht worden. Die psychiatrische und psychosomatische Fachwelt sieht die Gefahr, dass sie Medizin nur noch nach \u00f6konomischen, nicht mehr nach fachlichen Gesichtspunkten aus\u00fcben kann und dass der psychisch erkrankte Mensch zum Kostenfaktor verkommt. Die Politik und die Kostentr\u00e4ger sind hier entspannter. Sie erleben nach zehn Jahren fallpauschalierter Verg\u00fctung in der Somatik einen Transparenz- und Qualit\u00e4tssprung und wissen um die Weiterentwicklung der PEPP-Systematik im \u201elernenden System\u201c. In diesem Beitrag werden die Motive f\u00fcr\u00a0die\u00a0massive Ablehnung der PEPP-Systematik durch die Fachgesellschaften und Leistungserbringer hinterfragt und das PEPP-System mit Anreizen und Fehlanreizen, sowie die Ans\u00e4tze der Kostentr\u00e4ger zu Steuerungsma\u00dfnahmen dargestellt.<\/p><\/blockquote>\n<p>Quelle: <a href=\"https:\/\/www.thieme-connect.de\/DOI\/DOI?10.1055\/s-0033-1356102\">Thieme E-Journals &#8211; Gesundheits\u00f6konomie &amp; Qualit\u00e4tsmanagement \/ Abstract<\/a><\/p>\n","protected":false},"excerpt":{"rendered":"<p>Die bereits in 2009 eingeleitete Entwicklung eines durchg\u00e4ngigen, leistungsorientierten und pauschalierenden Verg\u00fctungssystems auf der Grundlage von tagesbezogenen Entgelten in der Psychiatrie und der Psychosomatik ist mit vielen Erwartungen an eine bessere Versorgung verbunden worden (Pauschalierendes Entgeltsystem f\u00fcr Psychiatrie und Psychosomatik &hellip; <a href=\"https:\/\/www.psychologie-aktuell.info\/reha\/2014\/04\/psychiatrieentgeltsystem-2013-start-im-streit\/\">Weiterlesen <span class=\"meta-nav\">&rarr;<\/span><\/a><\/p>\n","protected":false},"author":1,"featured_media":0,"comment_status":"closed","ping_status":"closed","sticky":false,"template":"","format":"standard","meta":{"_jetpack_memberships_contains_paid_content":false,"footnotes":""},"categories":[21],"tags":[],"class_list":["post-7958","post","type-post","status-publish","format-standard","hentry","category-zeitschriftenartikel"],"jetpack_featured_media_url":"","jetpack_shortlink":"https:\/\/wp.me\/p1fMVY-24m","jetpack_sharing_enabled":true,"_links":{"self":[{"href":"https:\/\/www.psychologie-aktuell.info\/reha\/wp-json\/wp\/v2\/posts\/7958","targetHints":{"allow":["GET"]}}],"collection":[{"href":"https:\/\/www.psychologie-aktuell.info\/reha\/wp-json\/wp\/v2\/posts"}],"about":[{"href":"https:\/\/www.psychologie-aktuell.info\/reha\/wp-json\/wp\/v2\/types\/post"}],"author":[{"embeddable":true,"href":"https:\/\/www.psychologie-aktuell.info\/reha\/wp-json\/wp\/v2\/users\/1"}],"replies":[{"embeddable":true,"href":"https:\/\/www.psychologie-aktuell.info\/reha\/wp-json\/wp\/v2\/comments?post=7958"}],"version-history":[{"count":2,"href":"https:\/\/www.psychologie-aktuell.info\/reha\/wp-json\/wp\/v2\/posts\/7958\/revisions"}],"predecessor-version":[{"id":8018,"href":"https:\/\/www.psychologie-aktuell.info\/reha\/wp-json\/wp\/v2\/posts\/7958\/revisions\/8018"}],"wp:attachment":[{"href":"https:\/\/www.psychologie-aktuell.info\/reha\/wp-json\/wp\/v2\/media?parent=7958"}],"wp:term":[{"taxonomy":"category","embeddable":true,"href":"https:\/\/www.psychologie-aktuell.info\/reha\/wp-json\/wp\/v2\/categories?post=7958"},{"taxonomy":"post_tag","embeddable":true,"href":"https:\/\/www.psychologie-aktuell.info\/reha\/wp-json\/wp\/v2\/tags?post=7958"}],"curies":[{"name":"wp","href":"https:\/\/api.w.org\/{rel}","templated":true}]}}