{"id":7978,"date":"2014-04-06T06:36:37","date_gmt":"2014-04-06T04:36:37","guid":{"rendered":"http:\/\/www.psychologie-aktuell.info\/reha\/?p=7978"},"modified":"2014-04-05T21:09:39","modified_gmt":"2014-04-05T19:09:39","slug":"multizentrische-evaluationsstudie-zur-medizinisch-beruflichen-rehabilitation-member-2","status":"publish","type":"post","link":"https:\/\/www.psychologie-aktuell.info\/reha\/2014\/04\/multizentrische-evaluationsstudie-zur-medizinisch-beruflichen-rehabilitation-member-2\/","title":{"rendered":"Multizentrische Evaluationsstudie zur medizinisch-beruflichen Rehabilitation (MEmbeR)"},"content":{"rendered":"<blockquote><p>Einleitung:<br \/>\nBei der MEmbeR handelt es sich um eine prospektive multizentrische Studie der Bundesarbeitsgemeinschaft medizinisch-beruflicher Rehabilitationseinrichtungen (BAG MBR Phase II).<br \/>\nMethodik:<br \/>\nIn die Studie wurden n=196 Rehabilitanden aus den Indikationsgruppen Neurologie, Psychiatrie\/Psychosomatik, Orthop\u00e4die und Innere Medizin von 21 Zentren aus dem gesamten Bundesgebiet eingeschlossen. Prim\u00e4rer Outcome-Parameter war die berufliche Teilhabe. Des Weiteren wurden Lebensqualit\u00e4tsparameter (SF-12) und ein Mini-ICF-Rating durchgef\u00fchrt. Der Beobachtungszeitraum umfasste 24 Monate nach Beendigung der Rehabilitationsbehandlung.<\/p>\n<p>Diskussion:<br \/>\nDie Aussagekraft der MEmbeR ist durch das Fehlen einer Kontrollgruppe eingeschr\u00e4nkt, dennoch leistet die Studie aufgrund des multizentrischen und indikations\u00fcbergreifenden Designs einen wichtigen Beitrag zur Evidenzbasierung der medizinisch-beruflichen Rehabilitation.<\/p><\/blockquote>\n<p>Quelle: <a href=\"https:\/\/www.thieme-connect.de\/DOI\/DOI?10.1055\/s-0033-1347231\">Thieme E-Journals &#8211; Die Rehabilitation \/ Abstract<\/a><\/p>\n","protected":false},"excerpt":{"rendered":"<p>Einleitung: Bei der MEmbeR handelt es sich um eine prospektive multizentrische Studie der Bundesarbeitsgemeinschaft medizinisch-beruflicher Rehabilitationseinrichtungen (BAG MBR Phase II). Methodik: In die Studie wurden n=196 Rehabilitanden aus den Indikationsgruppen Neurologie, Psychiatrie\/Psychosomatik, Orthop\u00e4die und Innere Medizin von 21 Zentren aus &hellip; <a href=\"https:\/\/www.psychologie-aktuell.info\/reha\/2014\/04\/multizentrische-evaluationsstudie-zur-medizinisch-beruflichen-rehabilitation-member-2\/\">Weiterlesen <span class=\"meta-nav\">&rarr;<\/span><\/a><\/p>\n","protected":false},"author":1,"featured_media":0,"comment_status":"closed","ping_status":"closed","sticky":false,"template":"","format":"standard","meta":{"_jetpack_memberships_contains_paid_content":false,"footnotes":""},"categories":[21],"tags":[],"class_list":["post-7978","post","type-post","status-publish","format-standard","hentry","category-zeitschriftenartikel"],"jetpack_featured_media_url":"","jetpack_shortlink":"https:\/\/wp.me\/p1fMVY-24G","jetpack_sharing_enabled":true,"_links":{"self":[{"href":"https:\/\/www.psychologie-aktuell.info\/reha\/wp-json\/wp\/v2\/posts\/7978","targetHints":{"allow":["GET"]}}],"collection":[{"href":"https:\/\/www.psychologie-aktuell.info\/reha\/wp-json\/wp\/v2\/posts"}],"about":[{"href":"https:\/\/www.psychologie-aktuell.info\/reha\/wp-json\/wp\/v2\/types\/post"}],"author":[{"embeddable":true,"href":"https:\/\/www.psychologie-aktuell.info\/reha\/wp-json\/wp\/v2\/users\/1"}],"replies":[{"embeddable":true,"href":"https:\/\/www.psychologie-aktuell.info\/reha\/wp-json\/wp\/v2\/comments?post=7978"}],"version-history":[{"count":2,"href":"https:\/\/www.psychologie-aktuell.info\/reha\/wp-json\/wp\/v2\/posts\/7978\/revisions"}],"predecessor-version":[{"id":8026,"href":"https:\/\/www.psychologie-aktuell.info\/reha\/wp-json\/wp\/v2\/posts\/7978\/revisions\/8026"}],"wp:attachment":[{"href":"https:\/\/www.psychologie-aktuell.info\/reha\/wp-json\/wp\/v2\/media?parent=7978"}],"wp:term":[{"taxonomy":"category","embeddable":true,"href":"https:\/\/www.psychologie-aktuell.info\/reha\/wp-json\/wp\/v2\/categories?post=7978"},{"taxonomy":"post_tag","embeddable":true,"href":"https:\/\/www.psychologie-aktuell.info\/reha\/wp-json\/wp\/v2\/tags?post=7978"}],"curies":[{"name":"wp","href":"https:\/\/api.w.org\/{rel}","templated":true}]}}