{"id":7984,"date":"2014-03-29T08:37:43","date_gmt":"2014-03-29T07:37:43","guid":{"rendered":"http:\/\/www.psychologie-aktuell.info\/reha\/?p=7984"},"modified":"2014-03-28T08:25:12","modified_gmt":"2014-03-28T07:25:12","slug":"validitaet-und-aenderungssensitivitaet-der-skalen-zur-erfassung-der-funktionsfaehigkeit-im-beruf-se-ffb","status":"publish","type":"post","link":"https:\/\/www.psychologie-aktuell.info\/reha\/2014\/03\/validitaet-und-aenderungssensitivitaet-der-skalen-zur-erfassung-der-funktionsfaehigkeit-im-beruf-se-ffb\/","title":{"rendered":"Validit\u00e4t und \u00c4nderungssensitivit\u00e4t der Skalen zur Erfassung der Funktionsf\u00e4higkeit im Beruf (SE-FFB)"},"content":{"rendered":"<blockquote><p>Die Skalen zur Erfassung von Funktionsf\u00e4higkeit im Beruf (SE-FFB) erm\u00f6glichen eine ICF-orientierte, patientenseitige Erhebung von Einschr\u00e4nkungen der Arbeitsleistung und Beschwerden bei der Arbeit. Ziel des vorliegenden Beitrags ist die \u00dcberpr\u00fcfung der diskriminanten und konvergenten Validit\u00e4t der SE-FFB sowie der Pr\u00fcfung \u00c4nderungssensitivit\u00e4t der SE-FFB durch Ver\u00e4nderungsmessung (t0=Reha-Beginn, t1=3 Monaten nach Reha-Ende). Datengrundlage ist eine Stichprobe von 249 Rehabilitanden mit muskuloskelettalen Erkrankungen in der medizinischen Rehabilitation. Die Korrelationen der SE-FFB mit den Skalen der Indikatoren des Reha-Status (IRES-24) und der Subjektiven Prognose der Erwerbst\u00e4tigkeit (SPE) entsprechen den Erwartungen. Die Ver\u00e4nderungsmessung ergab mittlere positive Effekte f\u00fcr die Frauen und geringe Effekte bei den M\u00e4nnern. Durch die SE-FFB wird ein reliables, valides und \u00e4nderungssensitives Assessmentverfahren zur Beschreibung der aktuellen Situation am Arbeitsplatz erm\u00f6glicht.<\/p><\/blockquote>\n<p>Quelle: <a href=\"https:\/\/www.thieme-connect.de\/DOI\/DOI?10.1055\/s-0033-1349142\">Thieme E-Journals &#8211; Die Rehabilitation \/ Abstract<\/a><\/p>\n","protected":false},"excerpt":{"rendered":"<p>Die Skalen zur Erfassung von Funktionsf\u00e4higkeit im Beruf (SE-FFB) erm\u00f6glichen eine ICF-orientierte, patientenseitige Erhebung von Einschr\u00e4nkungen der Arbeitsleistung und Beschwerden bei der Arbeit. Ziel des vorliegenden Beitrags ist die \u00dcberpr\u00fcfung der diskriminanten und konvergenten Validit\u00e4t der SE-FFB sowie der Pr\u00fcfung &hellip; <a href=\"https:\/\/www.psychologie-aktuell.info\/reha\/2014\/03\/validitaet-und-aenderungssensitivitaet-der-skalen-zur-erfassung-der-funktionsfaehigkeit-im-beruf-se-ffb\/\">Weiterlesen <span class=\"meta-nav\">&rarr;<\/span><\/a><\/p>\n","protected":false},"author":1,"featured_media":0,"comment_status":"closed","ping_status":"closed","sticky":false,"template":"","format":"standard","meta":{"_jetpack_memberships_contains_paid_content":false,"footnotes":""},"categories":[21],"tags":[],"class_list":["post-7984","post","type-post","status-publish","format-standard","hentry","category-zeitschriftenartikel"],"jetpack_featured_media_url":"","jetpack_shortlink":"https:\/\/wp.me\/p1fMVY-24M","jetpack_sharing_enabled":true,"_links":{"self":[{"href":"https:\/\/www.psychologie-aktuell.info\/reha\/wp-json\/wp\/v2\/posts\/7984","targetHints":{"allow":["GET"]}}],"collection":[{"href":"https:\/\/www.psychologie-aktuell.info\/reha\/wp-json\/wp\/v2\/posts"}],"about":[{"href":"https:\/\/www.psychologie-aktuell.info\/reha\/wp-json\/wp\/v2\/types\/post"}],"author":[{"embeddable":true,"href":"https:\/\/www.psychologie-aktuell.info\/reha\/wp-json\/wp\/v2\/users\/1"}],"replies":[{"embeddable":true,"href":"https:\/\/www.psychologie-aktuell.info\/reha\/wp-json\/wp\/v2\/comments?post=7984"}],"version-history":[{"count":2,"href":"https:\/\/www.psychologie-aktuell.info\/reha\/wp-json\/wp\/v2\/posts\/7984\/revisions"}],"predecessor-version":[{"id":8013,"href":"https:\/\/www.psychologie-aktuell.info\/reha\/wp-json\/wp\/v2\/posts\/7984\/revisions\/8013"}],"wp:attachment":[{"href":"https:\/\/www.psychologie-aktuell.info\/reha\/wp-json\/wp\/v2\/media?parent=7984"}],"wp:term":[{"taxonomy":"category","embeddable":true,"href":"https:\/\/www.psychologie-aktuell.info\/reha\/wp-json\/wp\/v2\/categories?post=7984"},{"taxonomy":"post_tag","embeddable":true,"href":"https:\/\/www.psychologie-aktuell.info\/reha\/wp-json\/wp\/v2\/tags?post=7984"}],"curies":[{"name":"wp","href":"https:\/\/api.w.org\/{rel}","templated":true}]}}