{"id":803,"date":"2009-11-19T13:00:00","date_gmt":"2009-11-19T11:00:00","guid":{"rendered":"http:\/\/www.reha-psychologie.net\/reha\/2009\/11\/wie-viel-tod-vertragt-das-team\/"},"modified":"2009-11-06T17:25:46","modified_gmt":"2009-11-06T15:25:46","slug":"wie-viel-tod-vertragt-das-team","status":"publish","type":"post","link":"https:\/\/www.psychologie-aktuell.info\/reha\/2009\/11\/wie-viel-tod-vertragt-das-team\/","title":{"rendered":"Wie viel Tod vertr\u00e4gt das Team?"},"content":{"rendered":"<blockquote><p>Wie viele Sterbef\u00e4lle die Teams auf Palliativstationen vertragen, was ihnen dabei hilft und wie sie ihre Teamzukunft sehen, wurde bisher in Deutschland nicht untersucht. Ziel der Studie war, Belastungsfaktoren und -symptome sowie Schutzfaktoren im Umgang mit dem Tod auf Palliativstationen zu erfassen sowie die kritische Zahl an Todesf\u00e4llen, belastende Sterbeabfolge und Zukunftsaussichten einsch\u00e4tzen zu lassen.<br \/>An dieser explorativen Umfrage nahmen 873 Mitarbeiter 95 deutscher Palliativstationen (60% von n=158 Palliativstationen) teil. <br \/>Als st\u00e4rkster belastender Faktor im Umgang mit dem Tod wurde ein nicht erf\u00fcllter Anspruch der Palliativmedizin angegeben. Ein Team reagierte meist mit \u00dcberredseligkeit auf den Tod. Als wichtigster Schutzfaktor stellte sich das Team heraus. Die kritische Zahl der Todesf\u00e4lle lag bei 4,4 pro Woche. Aufeinanderfolgende Todesf\u00e4lle wurden als signifikant belastender empfunden als verteilte. War das Nichterreichen des Anspruchs der Palliativmedizin sehr belastend, wurden die Zukunftsaussichten des Teams als bedeutend schlechter eingesch\u00e4tzt.<\/p><\/blockquote>\n<p>Quelle: <a href=\"http:\/\/www.springerlink.com\/content\/4224285p657n1843\/\">SpringerLink &#8211; Zeitschriftenbeitrag<\/a><\/p>\n","protected":false},"excerpt":{"rendered":"<p>Wie viele Sterbef\u00e4lle die Teams auf Palliativstationen vertragen, was ihnen dabei hilft und wie sie ihre Teamzukunft sehen, wurde bisher in Deutschland nicht untersucht. Ziel der Studie war, Belastungsfaktoren und -symptome sowie Schutzfaktoren im Umgang mit dem Tod auf Palliativstationen &hellip; <a href=\"https:\/\/www.psychologie-aktuell.info\/reha\/2009\/11\/wie-viel-tod-vertragt-das-team\/\">Weiterlesen <span class=\"meta-nav\">&rarr;<\/span><\/a><\/p>\n","protected":false},"author":1,"featured_media":0,"comment_status":"open","ping_status":"open","sticky":false,"template":"","format":"standard","meta":{"_jetpack_memberships_contains_paid_content":false,"footnotes":""},"categories":[21],"tags":[112,113],"class_list":["post-803","post","type-post","status-publish","format-standard","hentry","category-zeitschriftenartikel","tag-palliativmedizin","tag-tod"],"jetpack_featured_media_url":"","jetpack_shortlink":"https:\/\/wp.me\/p1fMVY-cX","jetpack_sharing_enabled":true,"_links":{"self":[{"href":"https:\/\/www.psychologie-aktuell.info\/reha\/wp-json\/wp\/v2\/posts\/803","targetHints":{"allow":["GET"]}}],"collection":[{"href":"https:\/\/www.psychologie-aktuell.info\/reha\/wp-json\/wp\/v2\/posts"}],"about":[{"href":"https:\/\/www.psychologie-aktuell.info\/reha\/wp-json\/wp\/v2\/types\/post"}],"author":[{"embeddable":true,"href":"https:\/\/www.psychologie-aktuell.info\/reha\/wp-json\/wp\/v2\/users\/1"}],"replies":[{"embeddable":true,"href":"https:\/\/www.psychologie-aktuell.info\/reha\/wp-json\/wp\/v2\/comments?post=803"}],"version-history":[{"count":1,"href":"https:\/\/www.psychologie-aktuell.info\/reha\/wp-json\/wp\/v2\/posts\/803\/revisions"}],"predecessor-version":[{"id":804,"href":"https:\/\/www.psychologie-aktuell.info\/reha\/wp-json\/wp\/v2\/posts\/803\/revisions\/804"}],"wp:attachment":[{"href":"https:\/\/www.psychologie-aktuell.info\/reha\/wp-json\/wp\/v2\/media?parent=803"}],"wp:term":[{"taxonomy":"category","embeddable":true,"href":"https:\/\/www.psychologie-aktuell.info\/reha\/wp-json\/wp\/v2\/categories?post=803"},{"taxonomy":"post_tag","embeddable":true,"href":"https:\/\/www.psychologie-aktuell.info\/reha\/wp-json\/wp\/v2\/tags?post=803"}],"curies":[{"name":"wp","href":"https:\/\/api.w.org\/{rel}","templated":true}]}}