{"id":807,"date":"2009-11-21T13:00:00","date_gmt":"2009-11-21T11:00:00","guid":{"rendered":"http:\/\/www.reha-psychologie.net\/reha\/2009\/11\/arbeitsstorungen-und-prokrastination\/"},"modified":"2009-11-06T17:33:15","modified_gmt":"2009-11-06T15:33:15","slug":"arbeitsstorungen-und-prokrastination","status":"publish","type":"post","link":"https:\/\/www.psychologie-aktuell.info\/reha\/2009\/11\/arbeitsstorungen-und-prokrastination\/","title":{"rendered":"Arbeitsst\u00f6rungen und Prokrastination"},"content":{"rendered":"<blockquote><p>Arbeitsst\u00f6rungen und Prokrastination umfassen problematische Verhaltensweisen im Zusammenhang mit dem Erledigen von Aufgaben im beruflichen oder privaten Bereich sowie in Ausbildung, Schule und Studium. Es wird ein psychologisches Modell zur Erkl\u00e4rung von Arbeitsst\u00f6rungen vorgestellt, nach dem Arbeitsst\u00f6rungen und Prokrastination dann auftreten, wenn individuelle Voraussetzungen und Pers\u00f6nlichkeitsmerkmale mit den Arbeitsanforderungen und Rahmenbedingungen nicht in Balance sind. Besonders bei Depressionen, einigen Angstst\u00f6rungen, Pr\u00fcfungs\u00e4ngsten sowie Anpassungsst\u00f6rungen und beim Vorliegen von Merkmalen einiger Pers\u00f6nlichkeitsst\u00f6rungen k\u00f6nnen Arbeitsst\u00f6rungen eine wichtige Rolle spielen. Es wird ein modularisiertes Interventionsprogramm zur Selbsthilfe, Beratung und Psychotherapie vorgestellt, das vor allem die Beobachtung und Analyse problematischer Verhaltens- und Denkweisen, die Verbesserung von Arbeitstechniken und des Zeitmanagements, der Arbeitsbedingungen, die Reduktion von Ablenkungsm\u00f6glichkeiten sowie die F\u00f6rderung des Ausgleichs zum Inhalt hat. <\/p><\/blockquote>\n<p>Quelle: <a href=\"http:\/\/www.springerlink.com\/content\/p8l5m4004x320263\/\">SpringerLink &#8211; Zeitschriftenbeitrag<\/a><\/p>\n","protected":false},"excerpt":{"rendered":"<p>Arbeitsst\u00f6rungen und Prokrastination umfassen problematische Verhaltensweisen im Zusammenhang mit dem Erledigen von Aufgaben im beruflichen oder privaten Bereich sowie in Ausbildung, Schule und Studium. Es wird ein psychologisches Modell zur Erkl\u00e4rung von Arbeitsst\u00f6rungen vorgestellt, nach dem Arbeitsst\u00f6rungen und Prokrastination dann &hellip; <a href=\"https:\/\/www.psychologie-aktuell.info\/reha\/2009\/11\/arbeitsstorungen-und-prokrastination\/\">Weiterlesen <span class=\"meta-nav\">&rarr;<\/span><\/a><\/p>\n","protected":false},"author":1,"featured_media":0,"comment_status":"open","ping_status":"open","sticky":false,"template":"","format":"standard","meta":{"_jetpack_memberships_contains_paid_content":false,"footnotes":""},"categories":[21],"tags":[29,52],"class_list":["post-807","post","type-post","status-publish","format-standard","hentry","category-zeitschriftenartikel","tag-arbeit-beruf","tag-behandlung-therapie"],"jetpack_featured_media_url":"","jetpack_shortlink":"https:\/\/wp.me\/p1fMVY-d1","jetpack_sharing_enabled":true,"_links":{"self":[{"href":"https:\/\/www.psychologie-aktuell.info\/reha\/wp-json\/wp\/v2\/posts\/807","targetHints":{"allow":["GET"]}}],"collection":[{"href":"https:\/\/www.psychologie-aktuell.info\/reha\/wp-json\/wp\/v2\/posts"}],"about":[{"href":"https:\/\/www.psychologie-aktuell.info\/reha\/wp-json\/wp\/v2\/types\/post"}],"author":[{"embeddable":true,"href":"https:\/\/www.psychologie-aktuell.info\/reha\/wp-json\/wp\/v2\/users\/1"}],"replies":[{"embeddable":true,"href":"https:\/\/www.psychologie-aktuell.info\/reha\/wp-json\/wp\/v2\/comments?post=807"}],"version-history":[{"count":1,"href":"https:\/\/www.psychologie-aktuell.info\/reha\/wp-json\/wp\/v2\/posts\/807\/revisions"}],"predecessor-version":[{"id":808,"href":"https:\/\/www.psychologie-aktuell.info\/reha\/wp-json\/wp\/v2\/posts\/807\/revisions\/808"}],"wp:attachment":[{"href":"https:\/\/www.psychologie-aktuell.info\/reha\/wp-json\/wp\/v2\/media?parent=807"}],"wp:term":[{"taxonomy":"category","embeddable":true,"href":"https:\/\/www.psychologie-aktuell.info\/reha\/wp-json\/wp\/v2\/categories?post=807"},{"taxonomy":"post_tag","embeddable":true,"href":"https:\/\/www.psychologie-aktuell.info\/reha\/wp-json\/wp\/v2\/tags?post=807"}],"curies":[{"name":"wp","href":"https:\/\/api.w.org\/{rel}","templated":true}]}}