{"id":8227,"date":"2014-10-03T06:35:14","date_gmt":"2014-10-03T04:35:14","guid":{"rendered":"http:\/\/www.psychologie-aktuell.info\/reha\/?p=8227"},"modified":"2014-09-03T19:50:26","modified_gmt":"2014-09-03T17:50:26","slug":"ein-psychoanalytischer-zugang-zur-depression-bindung-und-mentalisierung","status":"publish","type":"post","link":"https:\/\/www.psychologie-aktuell.info\/reha\/2014\/10\/ein-psychoanalytischer-zugang-zur-depression-bindung-und-mentalisierung\/","title":{"rendered":"Ein psychoanalytischer Zugang zur Depression: Bindung und Mentalisierung"},"content":{"rendered":"<blockquote>\n<p>Interpersonelle Schwierigkeiten, insbesondere Erfahrungen von Verlust und Zur\u00fcckweisung, wurden in psychoanalytischen Depressionstheorien und der Bindungstheorie als wesentliche Faktoren f\u00fcr die Entstehung und Aufrechterhaltung der Depression beschrieben. Diese fanden jedoch in den letzten Jahrzehnten aufgrund eines psychopharmakologischen Schwerpunktes wenig Ber\u00fccksichtigung in der Konzeptualisierung und Behandlung der Depression. Aktuell haben eine vermehrte Rezeption der Bindungsforschung in der Literatur und die Entwicklung des Konzepts der Mentalisierung interpersonelle und soziale Beeintr\u00e4chtigungen wieder in den Blickpunkt ger\u00fcckt. Der Artikel gibt einen \u00dcberblick \u00fcber bindungstheoretische und mentalisierungsbasierte Ans\u00e4tze der Depression und stellt aktuelle Forschungsergebnisse vor. Die Konzepte werden anhand von Fallvignetten veranschaulicht.<\/p>\n<\/blockquote>\n<p><a href=\"http:\/\/www.springermedizin.at\/fachbereiche-a-z\/p-z\/psychiatrie-und-psychotherapie\/?full=40747\">Ein psychoanalytischer Zugang zur Depression: Bindung und Mentalisierung &#8211; Springer Professional Media, Bereich Medizin<\/a><\/p>\n","protected":false},"excerpt":{"rendered":"<p>Interpersonelle Schwierigkeiten, insbesondere Erfahrungen von Verlust und Zur\u00fcckweisung, wurden in psychoanalytischen Depressionstheorien und der Bindungstheorie als wesentliche Faktoren f\u00fcr die Entstehung und Aufrechterhaltung der Depression beschrieben. Diese fanden jedoch in den letzten Jahrzehnten aufgrund eines psychopharmakologischen Schwerpunktes wenig Ber\u00fccksichtigung in &hellip; <a href=\"https:\/\/www.psychologie-aktuell.info\/reha\/2014\/10\/ein-psychoanalytischer-zugang-zur-depression-bindung-und-mentalisierung\/\">Weiterlesen <span class=\"meta-nav\">&rarr;<\/span><\/a><\/p>\n","protected":false},"author":1,"featured_media":0,"comment_status":"closed","ping_status":"closed","sticky":false,"template":"","format":"standard","meta":{"_jetpack_memberships_contains_paid_content":false,"footnotes":""},"categories":[21],"tags":[],"class_list":["post-8227","post","type-post","status-publish","format-standard","hentry","category-zeitschriftenartikel"],"jetpack_featured_media_url":"","jetpack_shortlink":"https:\/\/wp.me\/p1fMVY-28H","jetpack_sharing_enabled":true,"_links":{"self":[{"href":"https:\/\/www.psychologie-aktuell.info\/reha\/wp-json\/wp\/v2\/posts\/8227","targetHints":{"allow":["GET"]}}],"collection":[{"href":"https:\/\/www.psychologie-aktuell.info\/reha\/wp-json\/wp\/v2\/posts"}],"about":[{"href":"https:\/\/www.psychologie-aktuell.info\/reha\/wp-json\/wp\/v2\/types\/post"}],"author":[{"embeddable":true,"href":"https:\/\/www.psychologie-aktuell.info\/reha\/wp-json\/wp\/v2\/users\/1"}],"replies":[{"embeddable":true,"href":"https:\/\/www.psychologie-aktuell.info\/reha\/wp-json\/wp\/v2\/comments?post=8227"}],"version-history":[{"count":1,"href":"https:\/\/www.psychologie-aktuell.info\/reha\/wp-json\/wp\/v2\/posts\/8227\/revisions"}],"predecessor-version":[{"id":8228,"href":"https:\/\/www.psychologie-aktuell.info\/reha\/wp-json\/wp\/v2\/posts\/8227\/revisions\/8228"}],"wp:attachment":[{"href":"https:\/\/www.psychologie-aktuell.info\/reha\/wp-json\/wp\/v2\/media?parent=8227"}],"wp:term":[{"taxonomy":"category","embeddable":true,"href":"https:\/\/www.psychologie-aktuell.info\/reha\/wp-json\/wp\/v2\/categories?post=8227"},{"taxonomy":"post_tag","embeddable":true,"href":"https:\/\/www.psychologie-aktuell.info\/reha\/wp-json\/wp\/v2\/tags?post=8227"}],"curies":[{"name":"wp","href":"https:\/\/api.w.org\/{rel}","templated":true}]}}