{"id":8233,"date":"2014-09-18T13:36:53","date_gmt":"2014-09-18T11:36:53","guid":{"rendered":"http:\/\/www.psychologie-aktuell.info\/reha\/?p=8233"},"modified":"2014-09-03T19:42:39","modified_gmt":"2014-09-03T17:42:39","slug":"tabuthema-psyche-depression-angststoerungen-und-psychose","status":"publish","type":"post","link":"https:\/\/www.psychologie-aktuell.info\/reha\/2014\/09\/tabuthema-psyche-depression-angststoerungen-und-psychose\/","title":{"rendered":"Tabuthema Psyche Depression, Angstst\u00f6rungen und Psychose."},"content":{"rendered":"<blockquote>\n<p class=\"introtext\">Psychische \u00dcberlastungsst\u00f6rungen sind bereits der h\u00e4ufigste Grund f\u00fcr Fr\u00fchpensionierungen, Depression und Angstst\u00f6rungen werden binnen der n\u00e4chsten 10 bis 15 Jahre alle anderen Krankheiten an H\u00e4ufigkeit \u00fcbertreffen, so die Experten im Rahmen eines Pressegespr\u00e4chs in Wien.<\/p>\n<p>\u201eDie Bedeutung von Depression wird allgemein weit untersch\u00e4tzt und die Bem\u00fchungen zur Eind\u00e4mmung dieses Krankheitsbildes sind vernachl\u00e4ssigbar, vergleicht man diese mit Ma\u00dfnahmen zur Verhinderung von Verkehrstoten\u201c, betonte Primarius Dr. Georg Psota, Pr\u00e4sident der \u00d6sterreichischen Gesellschaft f\u00fcr Psychiatrie und Psychotherapie (\u00d6GPP) und Psychosoziale Dienste in Wien. So gab es 2011 etwa 1.286 Suizidtote im Vergleich zu 537 Verkehrstoten.<\/p>\n<\/blockquote>\n<p><a href=\"http:\/\/www.springermedizin.at\/fachbereiche-a-z\/p-z\/psychiatrie-und-psychotherapie\/?full=39993\">Tabuthema Psyche &#8211; Springer Professional Media, Bereich Medizin<\/a><\/p>\n","protected":false},"excerpt":{"rendered":"<p>Psychische \u00dcberlastungsst\u00f6rungen sind bereits der h\u00e4ufigste Grund f\u00fcr Fr\u00fchpensionierungen, Depression und Angstst\u00f6rungen werden binnen der n\u00e4chsten 10 bis 15 Jahre alle anderen Krankheiten an H\u00e4ufigkeit \u00fcbertreffen, so die Experten im Rahmen eines Pressegespr\u00e4chs in Wien. \u201eDie Bedeutung von Depression wird &hellip; <a href=\"https:\/\/www.psychologie-aktuell.info\/reha\/2014\/09\/tabuthema-psyche-depression-angststoerungen-und-psychose\/\">Weiterlesen <span class=\"meta-nav\">&rarr;<\/span><\/a><\/p>\n","protected":false},"author":1,"featured_media":0,"comment_status":"closed","ping_status":"closed","sticky":false,"template":"","format":"standard","meta":{"_jetpack_memberships_contains_paid_content":false,"footnotes":""},"categories":[21],"tags":[],"class_list":["post-8233","post","type-post","status-publish","format-standard","hentry","category-zeitschriftenartikel"],"jetpack_featured_media_url":"","jetpack_shortlink":"https:\/\/wp.me\/p1fMVY-28N","jetpack_sharing_enabled":true,"_links":{"self":[{"href":"https:\/\/www.psychologie-aktuell.info\/reha\/wp-json\/wp\/v2\/posts\/8233","targetHints":{"allow":["GET"]}}],"collection":[{"href":"https:\/\/www.psychologie-aktuell.info\/reha\/wp-json\/wp\/v2\/posts"}],"about":[{"href":"https:\/\/www.psychologie-aktuell.info\/reha\/wp-json\/wp\/v2\/types\/post"}],"author":[{"embeddable":true,"href":"https:\/\/www.psychologie-aktuell.info\/reha\/wp-json\/wp\/v2\/users\/1"}],"replies":[{"embeddable":true,"href":"https:\/\/www.psychologie-aktuell.info\/reha\/wp-json\/wp\/v2\/comments?post=8233"}],"version-history":[{"count":1,"href":"https:\/\/www.psychologie-aktuell.info\/reha\/wp-json\/wp\/v2\/posts\/8233\/revisions"}],"predecessor-version":[{"id":8234,"href":"https:\/\/www.psychologie-aktuell.info\/reha\/wp-json\/wp\/v2\/posts\/8233\/revisions\/8234"}],"wp:attachment":[{"href":"https:\/\/www.psychologie-aktuell.info\/reha\/wp-json\/wp\/v2\/media?parent=8233"}],"wp:term":[{"taxonomy":"category","embeddable":true,"href":"https:\/\/www.psychologie-aktuell.info\/reha\/wp-json\/wp\/v2\/categories?post=8233"},{"taxonomy":"post_tag","embeddable":true,"href":"https:\/\/www.psychologie-aktuell.info\/reha\/wp-json\/wp\/v2\/tags?post=8233"}],"curies":[{"name":"wp","href":"https:\/\/api.w.org\/{rel}","templated":true}]}}