{"id":8245,"date":"2014-08-20T05:59:27","date_gmt":"2014-08-20T03:59:27","guid":{"rendered":"http:\/\/www.psychologie-aktuell.info\/reha\/?p=8245"},"modified":"2014-08-20T09:44:45","modified_gmt":"2014-08-20T07:44:45","slug":"die-gemeinsamen-und-spezifischen-komponenten-von-depression-und-angst-2","status":"publish","type":"post","link":"https:\/\/www.psychologie-aktuell.info\/reha\/2014\/08\/die-gemeinsamen-und-spezifischen-komponenten-von-depression-und-angst-2\/","title":{"rendered":"Die gemeinsamen und spezifischen Komponenten von Depression und Angst"},"content":{"rendered":"<blockquote><p><strong>Theoretischer Hintergrund:<\/strong> Mit Frageb\u00f6gen erfasste Depressions- und Angstwerte sind h\u00e4ufig hoch korreliert. Nach dem Tripartite Modell von Clark und Watson (1991) ist diese Kovariation auf die gemeinsame Komponente negativer Affekt zur\u00fcckzuf\u00fchren. Eine bessere Differenzierung depressiver und \u00e4ngstlicher Symptome sei \u00fcber den depressionsspezifischen geringen positiven Affekt und das angstspezifische<br \/>\nphysiologische Hyperarousal m\u00f6glich.<br \/>\n<strong>Fragestellung:<\/strong> Ziel dieser Studie ist die \u00dcberpr\u00fcfung dieses Modells und die Bestimmung \u00fcbergeordneter angst- und depressionsspezifischer Faktoren.<br \/>\n<strong>Methode:<\/strong> Die Evaluation des Modells erfolgte anhand von Frageb\u00f6gen zu Depression, Angst und Affekt an einer Stichprobe von 1110 gesunden Erwachsenen (48\u00a0% weiblich; Alter: <em>M<\/em>\u2009=\u200925.43; <em>SD<\/em>\u2009=\u20096.07).<br \/>\n<strong>Ergebnisse:<\/strong> Eine Hauptachsenanalyse erbrachte eine zweifaktorielle L\u00f6sung, welche sich ebenfalls in den Strukturgleichungsmodellen abbildete und die Konstrukte Depression und Angst repr\u00e4sentiert. Beide Faktoren waren mit negativem Affekt assoziiert, nur die Komponente Depression war durch das Fehlen von positivem Affekt gekennzeichnet. Die angstspezifische Komponente Hyperarousal konnte nicht nachgewiesen werden.<br \/>\n<strong>Schlussfolgerungen:<\/strong> Implikationen f\u00fcr weiterf\u00fchrende Studien, insbesondere hinsichtlich der Weiterentwicklung des Modells, werden diskutiert.<\/p><\/blockquote>\n<p><a href=\"http:\/\/psycontent.metapress.com\/content\/w0qt60t544005082\/\">Die gemeinsamen und spezifischen Komponenten von Depression und Angst &#8211; Zeitschrift f\u00fcr Klinische Psychologie und Psychotherapie &#8211; Volume 42, Number 4 \/ 2013 &#8211; Hogrefe Verlag<\/a><\/p>\n","protected":false},"excerpt":{"rendered":"<p>Theoretischer Hintergrund: Mit Frageb\u00f6gen erfasste Depressions- und Angstwerte sind h\u00e4ufig hoch korreliert. Nach dem Tripartite Modell von Clark und Watson (1991) ist diese Kovariation auf die gemeinsame Komponente negativer Affekt zur\u00fcckzuf\u00fchren. Eine bessere Differenzierung depressiver und \u00e4ngstlicher Symptome sei \u00fcber &hellip; <a href=\"https:\/\/www.psychologie-aktuell.info\/reha\/2014\/08\/die-gemeinsamen-und-spezifischen-komponenten-von-depression-und-angst-2\/\">Weiterlesen <span class=\"meta-nav\">&rarr;<\/span><\/a><\/p>\n","protected":false},"author":1,"featured_media":0,"comment_status":"closed","ping_status":"closed","sticky":false,"template":"","format":"standard","meta":{"_jetpack_memberships_contains_paid_content":false,"footnotes":""},"categories":[21],"tags":[],"class_list":["post-8245","post","type-post","status-publish","format-standard","hentry","category-zeitschriftenartikel"],"jetpack_featured_media_url":"","jetpack_shortlink":"https:\/\/wp.me\/p1fMVY-28Z","jetpack_sharing_enabled":true,"_links":{"self":[{"href":"https:\/\/www.psychologie-aktuell.info\/reha\/wp-json\/wp\/v2\/posts\/8245","targetHints":{"allow":["GET"]}}],"collection":[{"href":"https:\/\/www.psychologie-aktuell.info\/reha\/wp-json\/wp\/v2\/posts"}],"about":[{"href":"https:\/\/www.psychologie-aktuell.info\/reha\/wp-json\/wp\/v2\/types\/post"}],"author":[{"embeddable":true,"href":"https:\/\/www.psychologie-aktuell.info\/reha\/wp-json\/wp\/v2\/users\/1"}],"replies":[{"embeddable":true,"href":"https:\/\/www.psychologie-aktuell.info\/reha\/wp-json\/wp\/v2\/comments?post=8245"}],"version-history":[{"count":3,"href":"https:\/\/www.psychologie-aktuell.info\/reha\/wp-json\/wp\/v2\/posts\/8245\/revisions"}],"predecessor-version":[{"id":8619,"href":"https:\/\/www.psychologie-aktuell.info\/reha\/wp-json\/wp\/v2\/posts\/8245\/revisions\/8619"}],"wp:attachment":[{"href":"https:\/\/www.psychologie-aktuell.info\/reha\/wp-json\/wp\/v2\/media?parent=8245"}],"wp:term":[{"taxonomy":"category","embeddable":true,"href":"https:\/\/www.psychologie-aktuell.info\/reha\/wp-json\/wp\/v2\/categories?post=8245"},{"taxonomy":"post_tag","embeddable":true,"href":"https:\/\/www.psychologie-aktuell.info\/reha\/wp-json\/wp\/v2\/tags?post=8245"}],"curies":[{"name":"wp","href":"https:\/\/api.w.org\/{rel}","templated":true}]}}