{"id":841,"date":"2009-12-04T08:00:00","date_gmt":"2009-12-04T06:00:00","guid":{"rendered":"http:\/\/www.reha-psychologie.net\/reha\/2009\/12\/meta-analyse-mammografie-als-brustkrebsrisiko\/"},"modified":"2009-12-02T17:36:27","modified_gmt":"2009-12-02T15:36:27","slug":"meta-analyse-mammografie-als-brustkrebsrisiko","status":"publish","type":"post","link":"https:\/\/www.psychologie-aktuell.info\/reha\/2009\/12\/meta-analyse-mammografie-als-brustkrebsrisiko\/","title":{"rendered":"Meta-Analyse: Mammografie als Brustkrebsrisiko"},"content":{"rendered":"<blockquote><p>Frauen mit einem genetisch oder famili\u00e4r erh\u00f6hten Brustkrebsrisiko wird h\u00e4ufig schon in jungen Jahren zur j\u00e4hrlichen Mammografie geraten. Das Screening k\u00f6nnte nach einer Meta-Analyse, die auf der Jahrestagung der Radiological Society of North America in Chicago vorgestellt wurde, jedoch das Brustkrebsrisiko weiter erh\u00f6hen. <\/p><\/blockquote>\n<p>Quelle: <a href=\"http:\/\/www.aerzteblatt.de\/v4\/news\/news.asp?id=39172\">Deutsches \u00c4rzteblatt: Nachrichten &#8222;Meta-Analyse: Mammografie als Brustkrebsrisiko&#8220;<\/a><\/p>\n","protected":false},"excerpt":{"rendered":"<p>Frauen mit einem genetisch oder famili\u00e4r erh\u00f6hten Brustkrebsrisiko wird h\u00e4ufig schon in jungen Jahren zur j\u00e4hrlichen Mammografie geraten. Das Screening k\u00f6nnte nach einer Meta-Analyse, die auf der Jahrestagung der Radiological Society of North America in Chicago vorgestellt wurde, jedoch das &hellip; <a href=\"https:\/\/www.psychologie-aktuell.info\/reha\/2009\/12\/meta-analyse-mammografie-als-brustkrebsrisiko\/\">Weiterlesen <span class=\"meta-nav\">&rarr;<\/span><\/a><\/p>\n","protected":false},"author":1,"featured_media":0,"comment_status":"open","ping_status":"open","sticky":false,"template":"","format":"standard","meta":{"_jetpack_memberships_contains_paid_content":false,"footnotes":""},"categories":[],"tags":[241,186],"class_list":["post-841","post","type-post","status-publish","format-standard","hentry","tag-krebs","tag-onkologie"],"jetpack_featured_media_url":"","jetpack_shortlink":"https:\/\/wp.me\/p1fMVY-dz","jetpack_sharing_enabled":true,"_links":{"self":[{"href":"https:\/\/www.psychologie-aktuell.info\/reha\/wp-json\/wp\/v2\/posts\/841","targetHints":{"allow":["GET"]}}],"collection":[{"href":"https:\/\/www.psychologie-aktuell.info\/reha\/wp-json\/wp\/v2\/posts"}],"about":[{"href":"https:\/\/www.psychologie-aktuell.info\/reha\/wp-json\/wp\/v2\/types\/post"}],"author":[{"embeddable":true,"href":"https:\/\/www.psychologie-aktuell.info\/reha\/wp-json\/wp\/v2\/users\/1"}],"replies":[{"embeddable":true,"href":"https:\/\/www.psychologie-aktuell.info\/reha\/wp-json\/wp\/v2\/comments?post=841"}],"version-history":[{"count":1,"href":"https:\/\/www.psychologie-aktuell.info\/reha\/wp-json\/wp\/v2\/posts\/841\/revisions"}],"predecessor-version":[{"id":842,"href":"https:\/\/www.psychologie-aktuell.info\/reha\/wp-json\/wp\/v2\/posts\/841\/revisions\/842"}],"wp:attachment":[{"href":"https:\/\/www.psychologie-aktuell.info\/reha\/wp-json\/wp\/v2\/media?parent=841"}],"wp:term":[{"taxonomy":"category","embeddable":true,"href":"https:\/\/www.psychologie-aktuell.info\/reha\/wp-json\/wp\/v2\/categories?post=841"},{"taxonomy":"post_tag","embeddable":true,"href":"https:\/\/www.psychologie-aktuell.info\/reha\/wp-json\/wp\/v2\/tags?post=841"}],"curies":[{"name":"wp","href":"https:\/\/api.w.org\/{rel}","templated":true}]}}