{"id":85,"date":"2008-01-08T21:46:18","date_gmt":"2008-01-08T19:46:18","guid":{"rendered":"http:\/\/reha-psychologie.net\/reha\/?p=85"},"modified":"2008-07-19T16:41:45","modified_gmt":"2008-07-19T14:41:45","slug":"leben-hat-gewicht-initiative-der-bundesregierung-gegen-essstorungen","status":"publish","type":"post","link":"https:\/\/www.psychologie-aktuell.info\/reha\/2008\/01\/leben-hat-gewicht-initiative-der-bundesregierung-gegen-essstorungen\/","title":{"rendered":"&#8222;Leben hat Gewicht&#8220; &#8211; Initiative der Bundesregierung gegen Essst\u00f6rungen"},"content":{"rendered":"<p>Gemeinsam mit Prominenten aus Kultur, Sport und Wirtschaft hat die Bundesregierung im Dezember 2007 eine Initiative gegen Essst\u00f6rungen bei Kindern und Jugendlichen gestartet. Mehr als jedes 5. Kind leidet nach den j\u00fcngsten Daten des Kinder- und Jugend-Gesundheitssurveys (KIGGS) unter den Symptomen einer Essst\u00f6rung, das sind ca. 1,4 Millionen. Neun von 10 Betroffenen sind M\u00e4dchen, jeder 10. stirbt daran.<\/p>\n<p>Zentraler Punkt der Aktion ist die Aufkl\u00e4rung.<br \/>\n&#8222;Pr\u00e4vention von<br \/>\nEssst\u00f6rungen wie Magersucht oder Bulimie geh\u00f6rt in die Schule, in die<br \/>\nJugendarbeit, in die Sportvereine, in die Gespr\u00e4che zwischen Arzt bzw.<br \/>\n\u00c4rztin und Patientin bzw. Patient.<br \/>\nDie Entwicklung eines positiven<br \/>\nK\u00f6rpergef\u00fchls als ein wichtiger Schutzfaktor vor Essst\u00f6rungen ist ein<br \/>\nintegraler Bestandteil unserer Ma\u00dfnahmen zur Sexualaufkl\u00e4rung f\u00fcr<br \/>\nJugendliche, Eltern und Multiplikatoren. Zur Unterst\u00fctzung hat die BZgA<br \/>\numfangreiches Informa-tionsmaterial entwickelt (<a href=\"http:\/\/www.bzga-essstoerungen.de\/\" target=\"_blank\">http:\/\/www.bzga-essstoerungen.de\/<\/a>) und ein Beratungstelefon eingerichtet (0221 &#8211; 802031).<\/p>\n<p>Das Bundesministerium f\u00fcr Bildung und Forschung finanziert derzeit<br \/>\nForschungsprojekte zum Thema Essst\u00f6rungen mit mehr als 7 Millionen<br \/>\nEuro. Ziel ist eine schnelle Anwendung der Forschungsergebnisse in der<br \/>\nPraxis. Beispiele f\u00fcr gef\u00f6rderte und anlaufende Projekte:<\/p>\n<p>Im Bereich Psychotherapie arbeitet der Forschungsverbund EDNET (Eating<br \/>\nDisorders Diagnostic and Treatment Network). Die Forscher optimieren<br \/>\nVerhaltenstherapien und entwickeln Methoden gegen R\u00fcckf\u00e4lle. Gemeinsam<br \/>\nmit anderen Experten haben die Mitglieder des EDNET im M\u00e4rz 2006 die<br \/>\nDeutsche Gesellschaft f\u00fcr Essst\u00f6rungen (DGESS) gegr\u00fcndet.&#8220;<\/p>\n<p>Quelle: <a href=\"http:\/\/www.bmbf.de\/press\/2203.php\">Bundesministerium f\u00fcr Bildung und Forschung<\/a><\/p>\n","protected":false},"excerpt":{"rendered":"<p>Gemeinsam mit Prominenten aus Kultur, Sport und Wirtschaft hat die Bundesregierung im Dezember 2007 eine Initiative gegen Essst\u00f6rungen bei Kindern und Jugendlichen gestartet. Mehr als jedes 5. Kind leidet nach den j\u00fcngsten Daten des Kinder- und Jugend-Gesundheitssurveys (KIGGS) unter den &hellip; <a href=\"https:\/\/www.psychologie-aktuell.info\/reha\/2008\/01\/leben-hat-gewicht-initiative-der-bundesregierung-gegen-essstorungen\/\">Weiterlesen <span class=\"meta-nav\">&rarr;<\/span><\/a><\/p>\n","protected":false},"author":1,"featured_media":0,"comment_status":"open","ping_status":"open","sticky":false,"template":"","format":"standard","meta":{"_jetpack_memberships_contains_paid_content":false,"footnotes":""},"categories":[],"tags":[38,37,39],"class_list":["post-85","post","type-post","status-publish","format-standard","hentry","tag-essstorung","tag-kinder-jugendliche","tag-pravention"],"jetpack_featured_media_url":"","jetpack_shortlink":"https:\/\/wp.me\/p1fMVY-1n","jetpack_sharing_enabled":true,"_links":{"self":[{"href":"https:\/\/www.psychologie-aktuell.info\/reha\/wp-json\/wp\/v2\/posts\/85","targetHints":{"allow":["GET"]}}],"collection":[{"href":"https:\/\/www.psychologie-aktuell.info\/reha\/wp-json\/wp\/v2\/posts"}],"about":[{"href":"https:\/\/www.psychologie-aktuell.info\/reha\/wp-json\/wp\/v2\/types\/post"}],"author":[{"embeddable":true,"href":"https:\/\/www.psychologie-aktuell.info\/reha\/wp-json\/wp\/v2\/users\/1"}],"replies":[{"embeddable":true,"href":"https:\/\/www.psychologie-aktuell.info\/reha\/wp-json\/wp\/v2\/comments?post=85"}],"version-history":[{"count":0,"href":"https:\/\/www.psychologie-aktuell.info\/reha\/wp-json\/wp\/v2\/posts\/85\/revisions"}],"wp:attachment":[{"href":"https:\/\/www.psychologie-aktuell.info\/reha\/wp-json\/wp\/v2\/media?parent=85"}],"wp:term":[{"taxonomy":"category","embeddable":true,"href":"https:\/\/www.psychologie-aktuell.info\/reha\/wp-json\/wp\/v2\/categories?post=85"},{"taxonomy":"post_tag","embeddable":true,"href":"https:\/\/www.psychologie-aktuell.info\/reha\/wp-json\/wp\/v2\/tags?post=85"}],"curies":[{"name":"wp","href":"https:\/\/api.w.org\/{rel}","templated":true}]}}