{"id":8562,"date":"2014-07-27T13:26:47","date_gmt":"2014-07-27T11:26:47","guid":{"rendered":"http:\/\/www.psychologie-aktuell.info\/reha\/?p=8562"},"modified":"2014-07-27T13:26:47","modified_gmt":"2014-07-27T11:26:47","slug":"bundespsychotherapeutenkammer-studie-stationaere-versorgung-psychisch-kranker-menschen-ist-online","status":"publish","type":"post","link":"https:\/\/www.psychologie-aktuell.info\/reha\/2014\/07\/bundespsychotherapeutenkammer-studie-stationaere-versorgung-psychisch-kranker-menschen-ist-online\/","title":{"rendered":"Bundespsychotherapeutenkammer &#8211; Studie &#8222;Station\u00e4re Versorgung psychisch kranker Menschen&#8220; ist online"},"content":{"rendered":"<blockquote><p>Die\u00a0 Bundespsychotherapeutenkammer (BPtK)\u00a0 hat im Jahr 2013 eine Befragung von \u00fcber\u00a0 1.500 angestellten\u00a0 und\u00a0 beamteten\u00a0 Psychotherapeuten\u00a0 in\u00a0 Krankenh\u00e4usern durchgef\u00fchrt. Die zentralen Ergebnisse dieser Befragung zur Personalausstattung und der Qualit\u00e4t der station\u00e4ren Versorgung psychisch kranker Menschen werden dargestellt.<br \/>\nIn der\u00a0 station\u00e4ren Versorgung sind fast 6.000 Psychologische\u00a0 Psychotherapeuten und Kinder- und Jugendlichenpsychotherapeuten t\u00e4tig.<\/p>\n<p>Damit arbeiten in Psychiatrie und Psychosomatik\u00a0 ann\u00e4hernd so viele Psychotherapeuten wie Fach\u00e4rzte. Die weit \u00fcberwiegende Mehrheit der Psychotherapeuten (88 Prozent) arbeitet in Krankenh\u00e4usern oder Abteilungen f\u00fcr Psychiatrie, Kinder-\u00a0 und Jugendpsychiatrie oder Psychosomatik. Die \u00fcbrigen zw\u00f6lf Prozent arbeiten in somatischen Fachabteilungen, zum Beispiel in der Onkologie.<\/p><\/blockquote>\n<p><a href=\"http:\/\/www.bptk.de\/fileadmin\/user_upload\/Publikationen\/BPtK-Studien\/stationaere_Versorgung_psychisch_kranker_Menschen\/20140626_BPtK-Studie_stationaeren_Versorgung_psychisch_kranker_Menschen.pdf\" target=\"_blank\">Download der Studie<\/a><\/p>\n","protected":false},"excerpt":{"rendered":"<p>Die\u00a0 Bundespsychotherapeutenkammer (BPtK)\u00a0 hat im Jahr 2013 eine Befragung von \u00fcber\u00a0 1.500 angestellten\u00a0 und\u00a0 beamteten\u00a0 Psychotherapeuten\u00a0 in\u00a0 Krankenh\u00e4usern durchgef\u00fchrt. Die zentralen Ergebnisse dieser Befragung zur Personalausstattung und der Qualit\u00e4t der station\u00e4ren Versorgung psychisch kranker Menschen werden dargestellt. In der\u00a0 station\u00e4ren &hellip; <a href=\"https:\/\/www.psychologie-aktuell.info\/reha\/2014\/07\/bundespsychotherapeutenkammer-studie-stationaere-versorgung-psychisch-kranker-menschen-ist-online\/\">Weiterlesen <span class=\"meta-nav\">&rarr;<\/span><\/a><\/p>\n","protected":false},"author":1,"featured_media":0,"comment_status":"closed","ping_status":"closed","sticky":false,"template":"","format":"standard","meta":{"_jetpack_memberships_contains_paid_content":false,"footnotes":""},"categories":[22],"tags":[],"class_list":["post-8562","post","type-post","status-publish","format-standard","hentry","category-allgemein"],"jetpack_featured_media_url":"","jetpack_shortlink":"https:\/\/wp.me\/p1fMVY-2e6","jetpack_sharing_enabled":true,"_links":{"self":[{"href":"https:\/\/www.psychologie-aktuell.info\/reha\/wp-json\/wp\/v2\/posts\/8562","targetHints":{"allow":["GET"]}}],"collection":[{"href":"https:\/\/www.psychologie-aktuell.info\/reha\/wp-json\/wp\/v2\/posts"}],"about":[{"href":"https:\/\/www.psychologie-aktuell.info\/reha\/wp-json\/wp\/v2\/types\/post"}],"author":[{"embeddable":true,"href":"https:\/\/www.psychologie-aktuell.info\/reha\/wp-json\/wp\/v2\/users\/1"}],"replies":[{"embeddable":true,"href":"https:\/\/www.psychologie-aktuell.info\/reha\/wp-json\/wp\/v2\/comments?post=8562"}],"version-history":[{"count":2,"href":"https:\/\/www.psychologie-aktuell.info\/reha\/wp-json\/wp\/v2\/posts\/8562\/revisions"}],"predecessor-version":[{"id":8564,"href":"https:\/\/www.psychologie-aktuell.info\/reha\/wp-json\/wp\/v2\/posts\/8562\/revisions\/8564"}],"wp:attachment":[{"href":"https:\/\/www.psychologie-aktuell.info\/reha\/wp-json\/wp\/v2\/media?parent=8562"}],"wp:term":[{"taxonomy":"category","embeddable":true,"href":"https:\/\/www.psychologie-aktuell.info\/reha\/wp-json\/wp\/v2\/categories?post=8562"},{"taxonomy":"post_tag","embeddable":true,"href":"https:\/\/www.psychologie-aktuell.info\/reha\/wp-json\/wp\/v2\/tags?post=8562"}],"curies":[{"name":"wp","href":"https:\/\/api.w.org\/{rel}","templated":true}]}}