{"id":8796,"date":"2015-01-11T06:54:15","date_gmt":"2015-01-11T05:54:15","guid":{"rendered":"http:\/\/www.psychologie-aktuell.info\/reha\/?p=8796"},"modified":"2014-12-05T22:00:46","modified_gmt":"2014-12-05T21:00:46","slug":"cme-rehabilitation-von-patientinnen-mit-mammakarzinom","status":"publish","type":"post","link":"https:\/\/www.psychologie-aktuell.info\/reha\/2015\/01\/cme-rehabilitation-von-patientinnen-mit-mammakarzinom\/","title":{"rendered":"CME: Rehabilitation von Patientinnen mit Mammakarzinom"},"content":{"rendered":"<blockquote><p>Der CME-Beitrag von Bartsch und Zeiss in dieser Ausgabe informiert \u00fcber die Grundlagen der \u00adRehabilitation bei Mammakarzinom. Die medizinische Rehabilitation bei Brustkrebs ist ein wichtiger Baustein in der Versorgungskette von \u00adTumorpatienten. In der Einf\u00fchrung wird neben allgemeinen Informationen zur Pr\u00e4valenz und Inzidenz darauf hingewiesen, wie sich das Spek\u00adtrum der Folgest\u00f6rungen in den letzten Jahren aufgrund von Ver\u00e4nderungen in der akutmedizinischen Behandlung verschoben hat. Neben medikament\u00f6s bedingten Folgesch\u00e4den r\u00fccken zunehmend auch kognitive Defizite und psychologische Belastungen in den Vordergrund der Krankheits- und Therapiefolgen. Im Einzelnen vermittelt der Beitrag detaillierte Kenntnisse \u00fcber den gesamten Rehabilitationsprozess von der Indikation (einschlie\u00dflich Reha-Zielen und -dauer), der Diagnostik und Ergebnisqualit\u00e4t bis hin zu allen relevanten Interventionen und der sozialmedizinischen Beurteilung sowie der Rehabilitationsnachsorge.<\/p><\/blockquote>\n<p><a href=\"https:\/\/www.thieme-connect.de\/DOI\/DOI?10.1055\/s-0034-1384602\">Thieme E-Journals &#8211; Die Rehabilitation \/ Abstract<\/a><\/p>\n","protected":false},"excerpt":{"rendered":"<p>Der CME-Beitrag von Bartsch und Zeiss in dieser Ausgabe informiert \u00fcber die Grundlagen der \u00adRehabilitation bei Mammakarzinom. Die medizinische Rehabilitation bei Brustkrebs ist ein wichtiger Baustein in der Versorgungskette von \u00adTumorpatienten. In der Einf\u00fchrung wird neben allgemeinen Informationen zur Pr\u00e4valenz &hellip; <a href=\"https:\/\/www.psychologie-aktuell.info\/reha\/2015\/01\/cme-rehabilitation-von-patientinnen-mit-mammakarzinom\/\">Weiterlesen <span class=\"meta-nav\">&rarr;<\/span><\/a><\/p>\n","protected":false},"author":1,"featured_media":0,"comment_status":"closed","ping_status":"closed","sticky":false,"template":"","format":"standard","meta":{"_jetpack_memberships_contains_paid_content":false,"footnotes":""},"categories":[21],"tags":[],"class_list":["post-8796","post","type-post","status-publish","format-standard","hentry","category-zeitschriftenartikel"],"jetpack_featured_media_url":"","jetpack_shortlink":"https:\/\/wp.me\/p1fMVY-2hS","jetpack_sharing_enabled":true,"_links":{"self":[{"href":"https:\/\/www.psychologie-aktuell.info\/reha\/wp-json\/wp\/v2\/posts\/8796","targetHints":{"allow":["GET"]}}],"collection":[{"href":"https:\/\/www.psychologie-aktuell.info\/reha\/wp-json\/wp\/v2\/posts"}],"about":[{"href":"https:\/\/www.psychologie-aktuell.info\/reha\/wp-json\/wp\/v2\/types\/post"}],"author":[{"embeddable":true,"href":"https:\/\/www.psychologie-aktuell.info\/reha\/wp-json\/wp\/v2\/users\/1"}],"replies":[{"embeddable":true,"href":"https:\/\/www.psychologie-aktuell.info\/reha\/wp-json\/wp\/v2\/comments?post=8796"}],"version-history":[{"count":2,"href":"https:\/\/www.psychologie-aktuell.info\/reha\/wp-json\/wp\/v2\/posts\/8796\/revisions"}],"predecessor-version":[{"id":9133,"href":"https:\/\/www.psychologie-aktuell.info\/reha\/wp-json\/wp\/v2\/posts\/8796\/revisions\/9133"}],"wp:attachment":[{"href":"https:\/\/www.psychologie-aktuell.info\/reha\/wp-json\/wp\/v2\/media?parent=8796"}],"wp:term":[{"taxonomy":"category","embeddable":true,"href":"https:\/\/www.psychologie-aktuell.info\/reha\/wp-json\/wp\/v2\/categories?post=8796"},{"taxonomy":"post_tag","embeddable":true,"href":"https:\/\/www.psychologie-aktuell.info\/reha\/wp-json\/wp\/v2\/tags?post=8796"}],"curies":[{"name":"wp","href":"https:\/\/api.w.org\/{rel}","templated":true}]}}