{"id":8798,"date":"2015-01-01T06:00:16","date_gmt":"2015-01-01T05:00:16","guid":{"rendered":"http:\/\/www.psychologie-aktuell.info\/reha\/?p=8798"},"modified":"2014-12-05T21:56:52","modified_gmt":"2014-12-05T20:56:52","slug":"ungebremste-pandemie-der-fettleibigkeit","status":"publish","type":"post","link":"https:\/\/www.psychologie-aktuell.info\/reha\/2015\/01\/ungebremste-pandemie-der-fettleibigkeit\/","title":{"rendered":"Ungebremste Pandemie der Fettleibigkeit"},"content":{"rendered":"<blockquote><p>Die weltweite Zunahme der Pr\u00e4valenz von \u00dcbergewicht und Adipositas ist bekannt. Jetzt geben Daten von Marie Ng et al. nationalen und internationalen Entscheidungstr\u00e4gern konkrete Daten \u00fcber die Gr\u00f6\u00dfenordnung und die zu erwartenden Lasten f\u00fcr die Gesundheitssysteme an die Hand.<br \/>\nLancet 2014; DOI: 10.1016\/S0140-6736(14)60460-8<\/p><\/blockquote>\n<p><a href=\"https:\/\/www.thieme-connect.de\/DOI\/DOI?10.1055\/s-0034-1389937\">Thieme E-Journals &#8211; Das Gesundheitswesen \/ Abstract<\/a><\/p>\n","protected":false},"excerpt":{"rendered":"<p>Die weltweite Zunahme der Pr\u00e4valenz von \u00dcbergewicht und Adipositas ist bekannt. Jetzt geben Daten von Marie Ng et al. nationalen und internationalen Entscheidungstr\u00e4gern konkrete Daten \u00fcber die Gr\u00f6\u00dfenordnung und die zu erwartenden Lasten f\u00fcr die Gesundheitssysteme an die Hand. Lancet &hellip; <a href=\"https:\/\/www.psychologie-aktuell.info\/reha\/2015\/01\/ungebremste-pandemie-der-fettleibigkeit\/\">Weiterlesen <span class=\"meta-nav\">&rarr;<\/span><\/a><\/p>\n","protected":false},"author":1,"featured_media":0,"comment_status":"closed","ping_status":"closed","sticky":false,"template":"","format":"standard","meta":{"_jetpack_memberships_contains_paid_content":false,"footnotes":""},"categories":[21],"tags":[],"class_list":["post-8798","post","type-post","status-publish","format-standard","hentry","category-zeitschriftenartikel"],"jetpack_featured_media_url":"","jetpack_shortlink":"https:\/\/wp.me\/p1fMVY-2hU","jetpack_sharing_enabled":true,"_links":{"self":[{"href":"https:\/\/www.psychologie-aktuell.info\/reha\/wp-json\/wp\/v2\/posts\/8798","targetHints":{"allow":["GET"]}}],"collection":[{"href":"https:\/\/www.psychologie-aktuell.info\/reha\/wp-json\/wp\/v2\/posts"}],"about":[{"href":"https:\/\/www.psychologie-aktuell.info\/reha\/wp-json\/wp\/v2\/types\/post"}],"author":[{"embeddable":true,"href":"https:\/\/www.psychologie-aktuell.info\/reha\/wp-json\/wp\/v2\/users\/1"}],"replies":[{"embeddable":true,"href":"https:\/\/www.psychologie-aktuell.info\/reha\/wp-json\/wp\/v2\/comments?post=8798"}],"version-history":[{"count":2,"href":"https:\/\/www.psychologie-aktuell.info\/reha\/wp-json\/wp\/v2\/posts\/8798\/revisions"}],"predecessor-version":[{"id":9122,"href":"https:\/\/www.psychologie-aktuell.info\/reha\/wp-json\/wp\/v2\/posts\/8798\/revisions\/9122"}],"wp:attachment":[{"href":"https:\/\/www.psychologie-aktuell.info\/reha\/wp-json\/wp\/v2\/media?parent=8798"}],"wp:term":[{"taxonomy":"category","embeddable":true,"href":"https:\/\/www.psychologie-aktuell.info\/reha\/wp-json\/wp\/v2\/categories?post=8798"},{"taxonomy":"post_tag","embeddable":true,"href":"https:\/\/www.psychologie-aktuell.info\/reha\/wp-json\/wp\/v2\/tags?post=8798"}],"curies":[{"name":"wp","href":"https:\/\/api.w.org\/{rel}","templated":true}]}}