{"id":8808,"date":"2014-12-27T06:02:11","date_gmt":"2014-12-27T05:02:11","guid":{"rendered":"http:\/\/www.psychologie-aktuell.info\/reha\/?p=8808"},"modified":"2014-12-05T21:53:27","modified_gmt":"2014-12-05T20:53:27","slug":"stressbelastungen-und-burnout-risiko-bei-erzieherinnen-in-kindertagesstaetten-ergebnisse-einer-fragebogenstudie","status":"publish","type":"post","link":"https:\/\/www.psychologie-aktuell.info\/reha\/2014\/12\/stressbelastungen-und-burnout-risiko-bei-erzieherinnen-in-kindertagesstaetten-ergebnisse-einer-fragebogenstudie\/","title":{"rendered":"Stressbelastungen und Burnout-Risiko bei Erzieherinnen in Kindertagesst\u00e4tten: Ergebnisse einer Fragebogenstudie"},"content":{"rendered":"<blockquote><p>In diesem Beitrag werden Ergebnisse einer Studie vorgestellt, in der 834 Erzieherinnen und Erzieher zu Arbeitsbedingungen, beruflichen Stressbelastungen und gesundheitlichen Belastungsfolgen befragt wurden. Um das Ausma\u00df psychischer und psychosomatischer Beschwerden sowie das Burnout-Risiko einsch\u00e4tzen zu k\u00f6nnen, wurde das standardisierte Fragebogeninstrument \u201eBurnout Screening Skalen\u201c (BOSS I) eingesetzt. Die Datenauswertung zeigte u.\u2009a., dass ein hoher Anteil der befragten Erzieherinnen ein deutlich erh\u00f6htes Stressniveau aufweist; fast ein F\u00fcnftel kann als Hochrisiko-Gruppe f\u00fcr Burnout angesehen werden. Als zentrale Stress\u00adquelle konnte die mangelhafte Personalausstattung in vielen Einrichtungen identifiziert werden, einhergehend mit zu gro\u00dfen Gruppen, einem unzureichenden Betreuungsschl\u00fcssel, Zeitdruck und \u201eMulti-Tasking\u201c. Auf der Grundlage der Forschungsbefunde werden abschlie\u00dfend m\u00f6gliche Entlastungs- und Verbesserungsma\u00dfnahmen diskutiert.<\/p><\/blockquote>\n<p><a href=\"https:\/\/www.thieme-connect.de\/DOI\/DOI?10.1055\/s-0034-1381995\">Thieme E-Journals &#8211; Das Gesundheitswesen \/ Abstract<\/a><\/p>\n","protected":false},"excerpt":{"rendered":"<p>In diesem Beitrag werden Ergebnisse einer Studie vorgestellt, in der 834 Erzieherinnen und Erzieher zu Arbeitsbedingungen, beruflichen Stressbelastungen und gesundheitlichen Belastungsfolgen befragt wurden. Um das Ausma\u00df psychischer und psychosomatischer Beschwerden sowie das Burnout-Risiko einsch\u00e4tzen zu k\u00f6nnen, wurde das standardisierte Fragebogeninstrument &hellip; <a href=\"https:\/\/www.psychologie-aktuell.info\/reha\/2014\/12\/stressbelastungen-und-burnout-risiko-bei-erzieherinnen-in-kindertagesstaetten-ergebnisse-einer-fragebogenstudie\/\">Weiterlesen <span class=\"meta-nav\">&rarr;<\/span><\/a><\/p>\n","protected":false},"author":1,"featured_media":0,"comment_status":"closed","ping_status":"closed","sticky":false,"template":"","format":"standard","meta":{"_jetpack_memberships_contains_paid_content":false,"footnotes":""},"categories":[21],"tags":[],"class_list":["post-8808","post","type-post","status-publish","format-standard","hentry","category-zeitschriftenartikel"],"jetpack_featured_media_url":"","jetpack_shortlink":"https:\/\/wp.me\/p1fMVY-2i4","jetpack_sharing_enabled":true,"_links":{"self":[{"href":"https:\/\/www.psychologie-aktuell.info\/reha\/wp-json\/wp\/v2\/posts\/8808","targetHints":{"allow":["GET"]}}],"collection":[{"href":"https:\/\/www.psychologie-aktuell.info\/reha\/wp-json\/wp\/v2\/posts"}],"about":[{"href":"https:\/\/www.psychologie-aktuell.info\/reha\/wp-json\/wp\/v2\/types\/post"}],"author":[{"embeddable":true,"href":"https:\/\/www.psychologie-aktuell.info\/reha\/wp-json\/wp\/v2\/users\/1"}],"replies":[{"embeddable":true,"href":"https:\/\/www.psychologie-aktuell.info\/reha\/wp-json\/wp\/v2\/comments?post=8808"}],"version-history":[{"count":2,"href":"https:\/\/www.psychologie-aktuell.info\/reha\/wp-json\/wp\/v2\/posts\/8808\/revisions"}],"predecessor-version":[{"id":9117,"href":"https:\/\/www.psychologie-aktuell.info\/reha\/wp-json\/wp\/v2\/posts\/8808\/revisions\/9117"}],"wp:attachment":[{"href":"https:\/\/www.psychologie-aktuell.info\/reha\/wp-json\/wp\/v2\/media?parent=8808"}],"wp:term":[{"taxonomy":"category","embeddable":true,"href":"https:\/\/www.psychologie-aktuell.info\/reha\/wp-json\/wp\/v2\/categories?post=8808"},{"taxonomy":"post_tag","embeddable":true,"href":"https:\/\/www.psychologie-aktuell.info\/reha\/wp-json\/wp\/v2\/tags?post=8808"}],"curies":[{"name":"wp","href":"https:\/\/api.w.org\/{rel}","templated":true}]}}