{"id":8818,"date":"2015-01-09T06:10:03","date_gmt":"2015-01-09T05:10:03","guid":{"rendered":"http:\/\/www.psychologie-aktuell.info\/reha\/?p=8818"},"modified":"2014-12-05T22:00:25","modified_gmt":"2014-12-05T21:00:25","slug":"werden-aengste-und-depressive-symptome-bei-kindern-und-jugendlichen-in-der-schule-uebersehen","status":"publish","type":"post","link":"https:\/\/www.psychologie-aktuell.info\/reha\/2015\/01\/werden-aengste-und-depressive-symptome-bei-kindern-und-jugendlichen-in-der-schule-uebersehen\/","title":{"rendered":"Werden \u00c4ngste und depressive Symptome bei Kindern und Jugendlichen in der Schule \u00fcbersehen?"},"content":{"rendered":"<blockquote><p>Lehrkr\u00e4fte k\u00f6nnen eine wichtige Rolle bei der Fr\u00fcherkennung psychischer Fehlentwicklungen bei Kindern und Jugendlichen spielen. Diese Studie untersucht, wie Lehrpersonen internalisierende vs. externalisierende Symptome bei Sch\u00fclern wahrnehmen. Hierf\u00fcr wurde 345 Sechst- und Zehntkl\u00e4sslern der Strengths and Difficulties Questionnaire (SDQ) vorgelegt und parallel wurden die Lehrkr\u00e4fte befragt, bei welchen zwei Sch\u00fclern ihrer Klasse sie am ehesten emotionale und bei welchen zwei Sch\u00fclern sie am ehesten Verhaltensst\u00f6rungen vermuten. Die Ergebnisse zeigen, dass Lehrkr\u00e4fte m\u00e4\u00dfig in der Lage sind, psychische Beschwerden bei ihren Sch\u00fclern wahrzunehmen. Die \u00dcbereinstimmung zwischen Lehrerurteil und Selbstangabe f\u00e4llt bei externalisierenden Problemen h\u00f6her aus als bei internalisierenden. Weiterhin liegen die Einsch\u00e4tzungen der Lehrkr\u00e4fte bei M\u00e4dchen n\u00e4her an den selbst berichteten Beschwerden als bei den Jungen. Es werden Schlussfolgerungen f\u00fcr die Lehrerprofessionalisierung und f\u00fcr zuk\u00fcnftige Forschungsbem\u00fchungen pr\u00e4sentiert.<\/p><\/blockquote>\n<p><a href=\"http:\/\/psycontent.metapress.com\/content\/0541p507u8677614\/\">Werden \u00c4ngste und depressive Symptome bei Kindern und Jugendlichen in der Schule \u00fcbersehen? &#8211; Zeitschrift f\u00fcr P\u00e4dagogische Psychologie &#8211; Volume 28, Numbers 1-2 \/ 2014 &#8211; Verlag Hans Huber<\/a><\/p>\n","protected":false},"excerpt":{"rendered":"<p>Lehrkr\u00e4fte k\u00f6nnen eine wichtige Rolle bei der Fr\u00fcherkennung psychischer Fehlentwicklungen bei Kindern und Jugendlichen spielen. Diese Studie untersucht, wie Lehrpersonen internalisierende vs. externalisierende Symptome bei Sch\u00fclern wahrnehmen. Hierf\u00fcr wurde 345 Sechst- und Zehntkl\u00e4sslern der Strengths and Difficulties Questionnaire (SDQ) vorgelegt &hellip; <a href=\"https:\/\/www.psychologie-aktuell.info\/reha\/2015\/01\/werden-aengste-und-depressive-symptome-bei-kindern-und-jugendlichen-in-der-schule-uebersehen\/\">Weiterlesen <span class=\"meta-nav\">&rarr;<\/span><\/a><\/p>\n","protected":false},"author":1,"featured_media":0,"comment_status":"closed","ping_status":"closed","sticky":false,"template":"","format":"standard","meta":{"_jetpack_memberships_contains_paid_content":false,"footnotes":""},"categories":[21],"tags":[],"class_list":["post-8818","post","type-post","status-publish","format-standard","hentry","category-zeitschriftenartikel"],"jetpack_featured_media_url":"","jetpack_shortlink":"https:\/\/wp.me\/p1fMVY-2ie","jetpack_sharing_enabled":true,"_links":{"self":[{"href":"https:\/\/www.psychologie-aktuell.info\/reha\/wp-json\/wp\/v2\/posts\/8818","targetHints":{"allow":["GET"]}}],"collection":[{"href":"https:\/\/www.psychologie-aktuell.info\/reha\/wp-json\/wp\/v2\/posts"}],"about":[{"href":"https:\/\/www.psychologie-aktuell.info\/reha\/wp-json\/wp\/v2\/types\/post"}],"author":[{"embeddable":true,"href":"https:\/\/www.psychologie-aktuell.info\/reha\/wp-json\/wp\/v2\/users\/1"}],"replies":[{"embeddable":true,"href":"https:\/\/www.psychologie-aktuell.info\/reha\/wp-json\/wp\/v2\/comments?post=8818"}],"version-history":[{"count":2,"href":"https:\/\/www.psychologie-aktuell.info\/reha\/wp-json\/wp\/v2\/posts\/8818\/revisions"}],"predecessor-version":[{"id":9131,"href":"https:\/\/www.psychologie-aktuell.info\/reha\/wp-json\/wp\/v2\/posts\/8818\/revisions\/9131"}],"wp:attachment":[{"href":"https:\/\/www.psychologie-aktuell.info\/reha\/wp-json\/wp\/v2\/media?parent=8818"}],"wp:term":[{"taxonomy":"category","embeddable":true,"href":"https:\/\/www.psychologie-aktuell.info\/reha\/wp-json\/wp\/v2\/categories?post=8818"},{"taxonomy":"post_tag","embeddable":true,"href":"https:\/\/www.psychologie-aktuell.info\/reha\/wp-json\/wp\/v2\/tags?post=8818"}],"curies":[{"name":"wp","href":"https:\/\/api.w.org\/{rel}","templated":true}]}}