{"id":8836,"date":"2015-01-07T06:21:40","date_gmt":"2015-01-07T05:21:40","guid":{"rendered":"http:\/\/www.psychologie-aktuell.info\/reha\/?p=8836"},"modified":"2014-12-05T21:59:52","modified_gmt":"2014-12-05T20:59:52","slug":"ist-die-medizinische-rehabilitation-chronischer-rueckenschmerzen-wirksamer-als-urlaub-mangels-studien-ist-dies-im-moment-offen","status":"publish","type":"post","link":"https:\/\/www.psychologie-aktuell.info\/reha\/2015\/01\/ist-die-medizinische-rehabilitation-chronischer-rueckenschmerzen-wirksamer-als-urlaub-mangels-studien-ist-dies-im-moment-offen\/","title":{"rendered":"Ist die medizinische Rehabilitation chronischer R\u00fcckenschmerzen wirksamer als Urlaub? Mangels Studien ist dies im Moment offen!"},"content":{"rendered":"<blockquote><p>&#8222;Die Frage nach der Wirksamkeit der medizinischen Rehabilitation im Indikationsgebiet &#8222;chronische R\u00fcckenschmerzen&#8220; im Vergleich zu einer Nicht-Intervention, einem Urlaub, einer Selbstbehandlung bzw. einer ambulanten Behandlung durch Praxis\u00e4rzte bleibt somit weiter offen.&#8220;<br \/>\nMit dieser Feststellung fassen die L\u00fcbecker Sozialmediziner Heiner Raspe und Angelika H\u00fcppe ihren Bericht an den &#8222;Sachverst\u00e4ndigenrat zur Begutachtung der Entwicklung im Gesundheitswesen&#8220; zum Thema &#8222;Evidenzbasierung in der medizinischen Rehabilitation: eine systematische Literatur\u00fcbersicht am Beispiel der Indikation chronischer R\u00fcckenschmerz&#8220; zusammen.<\/p><\/blockquote>\n<p><a href=\"http:\/\/www.forum-gesundheitspolitik.de\/artikel\/artikel.pl?artikel=2400\">Forum Gesundheitspolitik: Ist die medizinische Rehabilitation chronischer R\u00fcckenschmerzen wirksamer als Urlaub? Mangels Studien ist dies im Moment offen!<\/a><\/p>\n","protected":false},"excerpt":{"rendered":"<p>&#8222;Die Frage nach der Wirksamkeit der medizinischen Rehabilitation im Indikationsgebiet &#8222;chronische R\u00fcckenschmerzen&#8220; im Vergleich zu einer Nicht-Intervention, einem Urlaub, einer Selbstbehandlung bzw. einer ambulanten Behandlung durch Praxis\u00e4rzte bleibt somit weiter offen.&#8220; Mit dieser Feststellung fassen die L\u00fcbecker Sozialmediziner Heiner Raspe &hellip; <a href=\"https:\/\/www.psychologie-aktuell.info\/reha\/2015\/01\/ist-die-medizinische-rehabilitation-chronischer-rueckenschmerzen-wirksamer-als-urlaub-mangels-studien-ist-dies-im-moment-offen\/\">Weiterlesen <span class=\"meta-nav\">&rarr;<\/span><\/a><\/p>\n","protected":false},"author":1,"featured_media":0,"comment_status":"closed","ping_status":"closed","sticky":false,"template":"","format":"standard","meta":{"_jetpack_memberships_contains_paid_content":false,"footnotes":""},"categories":[21],"tags":[],"class_list":["post-8836","post","type-post","status-publish","format-standard","hentry","category-zeitschriftenartikel"],"jetpack_featured_media_url":"","jetpack_shortlink":"https:\/\/wp.me\/p1fMVY-2iw","jetpack_sharing_enabled":true,"_links":{"self":[{"href":"https:\/\/www.psychologie-aktuell.info\/reha\/wp-json\/wp\/v2\/posts\/8836","targetHints":{"allow":["GET"]}}],"collection":[{"href":"https:\/\/www.psychologie-aktuell.info\/reha\/wp-json\/wp\/v2\/posts"}],"about":[{"href":"https:\/\/www.psychologie-aktuell.info\/reha\/wp-json\/wp\/v2\/types\/post"}],"author":[{"embeddable":true,"href":"https:\/\/www.psychologie-aktuell.info\/reha\/wp-json\/wp\/v2\/users\/1"}],"replies":[{"embeddable":true,"href":"https:\/\/www.psychologie-aktuell.info\/reha\/wp-json\/wp\/v2\/comments?post=8836"}],"version-history":[{"count":2,"href":"https:\/\/www.psychologie-aktuell.info\/reha\/wp-json\/wp\/v2\/posts\/8836\/revisions"}],"predecessor-version":[{"id":9129,"href":"https:\/\/www.psychologie-aktuell.info\/reha\/wp-json\/wp\/v2\/posts\/8836\/revisions\/9129"}],"wp:attachment":[{"href":"https:\/\/www.psychologie-aktuell.info\/reha\/wp-json\/wp\/v2\/media?parent=8836"}],"wp:term":[{"taxonomy":"category","embeddable":true,"href":"https:\/\/www.psychologie-aktuell.info\/reha\/wp-json\/wp\/v2\/categories?post=8836"},{"taxonomy":"post_tag","embeddable":true,"href":"https:\/\/www.psychologie-aktuell.info\/reha\/wp-json\/wp\/v2\/tags?post=8836"}],"curies":[{"name":"wp","href":"https:\/\/api.w.org\/{rel}","templated":true}]}}