{"id":8953,"date":"2014-12-09T06:02:20","date_gmt":"2014-12-09T05:02:20","guid":{"rendered":"http:\/\/www.psychologie-aktuell.info\/reha\/?p=8953"},"modified":"2014-12-10T15:48:04","modified_gmt":"2014-12-10T14:48:04","slug":"kognitive-reaktivitaet-und-stressbelastung-als-praediktoren-eines-rezidivs-bei-remittiert-depressiven-personen-2","status":"publish","type":"post","link":"https:\/\/www.psychologie-aktuell.info\/reha\/2014\/12\/kognitive-reaktivitaet-und-stressbelastung-als-praediktoren-eines-rezidivs-bei-remittiert-depressiven-personen-2\/","title":{"rendered":"Kognitive Reaktivit\u00e4t und Stressbelastung als Pr\u00e4diktoren eines Rezidivs bei remittiert depressiven Personen"},"content":{"rendered":"<blockquote><p><strong>Theoretischer Hintergrund:<\/strong> Obwohl einige Studien zeigten, dass eine gesteigerte kognitive Reaktivit\u00e4t einen Risikofaktor f\u00fcr einen <em>depressiven R\u00fcckfall d<\/em>arstellt, konnte dieser Befund von anderen Arbeitsgruppen nicht best\u00e4tigt werden.<\/p>\n<p><strong>Fragestellung:<\/strong> Daher wollen wir mit einer Replikationsstudie zur Kl\u00e4rung der Frage beitragen, inwiefern kognitive Reaktivit\u00e4t und Stressbelastung ein depressives Rezidiv vorhersagen.<\/p>\n<p><!--more--><\/p>\n<p><strong>Methode:<\/strong> Bei 39 remittierten Depressiven nach einer station\u00e4ren Behandlung sowie 45 gesunden Kontrollpersonen wurde die kognitive Reaktivit\u00e4t gemessen. Die remittiert depressive Gruppe absolvierte dar\u00fcber hinaus eine 16-monatige Katamnesephase.<\/p>\n<p><strong>Ergebnisse:<\/strong> Am Ende der station\u00e4ren Behandlung stellte sich bei der Patientengruppe eine signifikante Reduktion der dysfunktionalen Einstellungen heraus. Die kognitive Reaktivit\u00e4t erwies sich<br \/>\nals bedeutsamer Pr\u00e4diktor eines depressiven R\u00fcckfalls, insbesondere wenn die Anzahl negativer Lebensereignisse im Katamnesezeitraum ber\u00fccksichtigt wurde.<\/p>\n<p><strong>Schlussfolgerung:<\/strong> Kognitive Reaktivit\u00e4t wurde als wichtiger Pr\u00e4diktor eines depressiven Rezidivs best\u00e4tigt.<\/p><\/blockquote>\n<p><a href=\"http:\/\/psycontent.metapress.com\/content\/e14t010660xh23g8\/\">Kognitive Reaktivit\u00e4t und Stressbelastung als Pr\u00e4diktoren eines Rezidivs bei remittiert depressiven Personen &#8211; Zeitschrift f\u00fcr Klinische Psychologie und Psychotherapie &#8211; Volume 43, Number 1 \/ 2014 &#8211; Hogrefe Verlag<\/a><\/p>\n","protected":false},"excerpt":{"rendered":"<p>Theoretischer Hintergrund: Obwohl einige Studien zeigten, dass eine gesteigerte kognitive Reaktivit\u00e4t einen Risikofaktor f\u00fcr einen depressiven R\u00fcckfall darstellt, konnte dieser Befund von anderen Arbeitsgruppen nicht best\u00e4tigt werden. Fragestellung: Daher wollen wir mit einer Replikationsstudie zur Kl\u00e4rung der Frage beitragen, inwiefern &hellip; <a href=\"https:\/\/www.psychologie-aktuell.info\/reha\/2014\/12\/kognitive-reaktivitaet-und-stressbelastung-als-praediktoren-eines-rezidivs-bei-remittiert-depressiven-personen-2\/\">Weiterlesen <span class=\"meta-nav\">&rarr;<\/span><\/a><\/p>\n","protected":false},"author":1,"featured_media":0,"comment_status":"closed","ping_status":"closed","sticky":false,"template":"","format":"standard","meta":{"_jetpack_memberships_contains_paid_content":false,"footnotes":""},"categories":[21],"tags":[],"class_list":["post-8953","post","type-post","status-publish","format-standard","hentry","category-zeitschriftenartikel"],"jetpack_featured_media_url":"","jetpack_shortlink":"https:\/\/wp.me\/p1fMVY-2kp","jetpack_sharing_enabled":true,"_links":{"self":[{"href":"https:\/\/www.psychologie-aktuell.info\/reha\/wp-json\/wp\/v2\/posts\/8953","targetHints":{"allow":["GET"]}}],"collection":[{"href":"https:\/\/www.psychologie-aktuell.info\/reha\/wp-json\/wp\/v2\/posts"}],"about":[{"href":"https:\/\/www.psychologie-aktuell.info\/reha\/wp-json\/wp\/v2\/types\/post"}],"author":[{"embeddable":true,"href":"https:\/\/www.psychologie-aktuell.info\/reha\/wp-json\/wp\/v2\/users\/1"}],"replies":[{"embeddable":true,"href":"https:\/\/www.psychologie-aktuell.info\/reha\/wp-json\/wp\/v2\/comments?post=8953"}],"version-history":[{"count":3,"href":"https:\/\/www.psychologie-aktuell.info\/reha\/wp-json\/wp\/v2\/posts\/8953\/revisions"}],"predecessor-version":[{"id":9155,"href":"https:\/\/www.psychologie-aktuell.info\/reha\/wp-json\/wp\/v2\/posts\/8953\/revisions\/9155"}],"wp:attachment":[{"href":"https:\/\/www.psychologie-aktuell.info\/reha\/wp-json\/wp\/v2\/media?parent=8953"}],"wp:term":[{"taxonomy":"category","embeddable":true,"href":"https:\/\/www.psychologie-aktuell.info\/reha\/wp-json\/wp\/v2\/categories?post=8953"},{"taxonomy":"post_tag","embeddable":true,"href":"https:\/\/www.psychologie-aktuell.info\/reha\/wp-json\/wp\/v2\/tags?post=8953"}],"curies":[{"name":"wp","href":"https:\/\/api.w.org\/{rel}","templated":true}]}}