{"id":8967,"date":"2014-11-03T06:07:13","date_gmt":"2014-11-03T05:07:13","guid":{"rendered":"http:\/\/www.psychologie-aktuell.info\/reha\/?p=8967"},"modified":"2014-10-25T11:40:22","modified_gmt":"2014-10-25T09:40:22","slug":"erwerbsminderungsrenten-infolge-psychischer-erkrankungen","status":"publish","type":"post","link":"https:\/\/www.psychologie-aktuell.info\/reha\/2014\/11\/erwerbsminderungsrenten-infolge-psychischer-erkrankungen\/","title":{"rendered":"Erwerbsminderungsrenten infolge psychischer Erkrankungen"},"content":{"rendered":"<blockquote>\n<p class=\"a-plus-plus\">In den letzten Jahren ist ein deutlicher Anstieg der Erwerbsminderungsrenten (EWMR) infolge psychischer Erkrankungen zu verzeichnen. Die Ursachen f\u00fcr diese Entwicklung sind weitgehend unbekannt, und somit \u00f6ffnet sich ein weites Feld f\u00fcr Spekulationen aus der Perspektive der jeweiligen \u201estakeholder\u201c, ohne dass es daf\u00fcr irgendwelche belastbaren Nachweise g\u00e4be. Es stellt sich die Frage, ob Aspekte der demografischen Entwicklung in Deutschland f\u00fcr diese Anstiege verantwortlich sein k\u00f6nnen.<\/p>\n<p class=\"a-plus-plus\">Bei einem mittleren Zugangsalter f\u00fcr EWMR bei psychischen Erkrankungen von knapp 50\u00a0Jahren geraten gleichsam als verz\u00f6gerte Folgen der geburtenstarken Jahrg\u00e4nge ab 1955 immer mehr Erwerbst\u00e4tige in ein kritisches Zeitfenster f\u00fcr EWMR bei psychischen Erkrankungen (48 bis 54\u00a0Jahre).<\/p>\n<\/blockquote>\n<p><a href=\"http:\/\/link.springer.com\/article\/10.1007%2Fs00278-014-1060-6\">Erwerbsminderungsrenten infolge psychischer Erkrankungen &#8211; Springer<\/a><\/p>\n","protected":false},"excerpt":{"rendered":"<p>In den letzten Jahren ist ein deutlicher Anstieg der Erwerbsminderungsrenten (EWMR) infolge psychischer Erkrankungen zu verzeichnen. Die Ursachen f\u00fcr diese Entwicklung sind weitgehend unbekannt, und somit \u00f6ffnet sich ein weites Feld f\u00fcr Spekulationen aus der Perspektive der jeweiligen \u201estakeholder\u201c, ohne &hellip; <a href=\"https:\/\/www.psychologie-aktuell.info\/reha\/2014\/11\/erwerbsminderungsrenten-infolge-psychischer-erkrankungen\/\">Weiterlesen <span class=\"meta-nav\">&rarr;<\/span><\/a><\/p>\n","protected":false},"author":1,"featured_media":0,"comment_status":"closed","ping_status":"closed","sticky":false,"template":"","format":"standard","meta":{"_jetpack_memberships_contains_paid_content":false,"footnotes":""},"categories":[21],"tags":[],"class_list":["post-8967","post","type-post","status-publish","format-standard","hentry","category-zeitschriftenartikel"],"jetpack_featured_media_url":"","jetpack_shortlink":"https:\/\/wp.me\/p1fMVY-2kD","jetpack_sharing_enabled":true,"_links":{"self":[{"href":"https:\/\/www.psychologie-aktuell.info\/reha\/wp-json\/wp\/v2\/posts\/8967","targetHints":{"allow":["GET"]}}],"collection":[{"href":"https:\/\/www.psychologie-aktuell.info\/reha\/wp-json\/wp\/v2\/posts"}],"about":[{"href":"https:\/\/www.psychologie-aktuell.info\/reha\/wp-json\/wp\/v2\/types\/post"}],"author":[{"embeddable":true,"href":"https:\/\/www.psychologie-aktuell.info\/reha\/wp-json\/wp\/v2\/users\/1"}],"replies":[{"embeddable":true,"href":"https:\/\/www.psychologie-aktuell.info\/reha\/wp-json\/wp\/v2\/comments?post=8967"}],"version-history":[{"count":1,"href":"https:\/\/www.psychologie-aktuell.info\/reha\/wp-json\/wp\/v2\/posts\/8967\/revisions"}],"predecessor-version":[{"id":8968,"href":"https:\/\/www.psychologie-aktuell.info\/reha\/wp-json\/wp\/v2\/posts\/8967\/revisions\/8968"}],"wp:attachment":[{"href":"https:\/\/www.psychologie-aktuell.info\/reha\/wp-json\/wp\/v2\/media?parent=8967"}],"wp:term":[{"taxonomy":"category","embeddable":true,"href":"https:\/\/www.psychologie-aktuell.info\/reha\/wp-json\/wp\/v2\/categories?post=8967"},{"taxonomy":"post_tag","embeddable":true,"href":"https:\/\/www.psychologie-aktuell.info\/reha\/wp-json\/wp\/v2\/tags?post=8967"}],"curies":[{"name":"wp","href":"https:\/\/api.w.org\/{rel}","templated":true}]}}