{"id":8977,"date":"2014-11-30T06:09:37","date_gmt":"2014-11-30T05:09:37","guid":{"rendered":"http:\/\/www.psychologie-aktuell.info\/reha\/?p=8977"},"modified":"2014-11-05T09:58:04","modified_gmt":"2014-11-05T08:58:04","slug":"fuehrt-niedrige-resilienz-zu-einer-staerkeren-psychischen-belastung","status":"publish","type":"post","link":"https:\/\/www.psychologie-aktuell.info\/reha\/2014\/11\/fuehrt-niedrige-resilienz-zu-einer-staerkeren-psychischen-belastung\/","title":{"rendered":"F\u00fchrt niedrige Resilienz zu einer st\u00e4rkeren psychischen Belastung?"},"content":{"rendered":"<blockquote><p><span class=\"b\">Ziel:<\/span> Das Anliegen dieses Artikels ist es, die Zusammenh\u00e4nge von Resilienz, Alter und Geschlecht mit psychischer Belastung durch \u00c4ngstlichkeit und Depressivit\u00e4t zu analysieren.<\/p>\n<p><span class=\"b\">Methode:<\/span> An einer Stichprobe von 3748 Personen wurde der Zusammenhang von Resilienz mit \u00c4ngstlichkeit und Depressivit\u00e4t mittels linearer Regression untersucht. Neben Resilienz, Alter und Geschlecht wurden auch Effekte der Kombination von Alter und Geschlecht auf Resilienz analysiert.<\/p>\n<p><span class=\"b\">Ergebnisse:<\/span> Es zeigte sich, dass niedrige Resilienz sowohl \u00c4ngstlichkeit als auch Depressivit\u00e4t vorhersagt. Deutlich wurde, dass die St\u00e4rke des Zusammenhangs von Resilienz und Depressivit\u00e4t vom Geschlecht mitbestimmt wird. M\u00e4nner zeigten eine leicht st\u00e4rkere positive Wirkung der Resilienz auf Depressivit\u00e4t.<\/p>\n<p><span class=\"b\">Schlussfolgerungen:<\/span> In der Praxis sollten diese Ergebnisse in der Therapieplanung ber\u00fccksichtigt werden.<\/p><\/blockquote>\n<p><a href=\"https:\/\/www.thieme-connect.de\/DOI\/DOI?10.1055\/s-0034-1369920\">Thieme E-Journals &#8211; Psychiatrische Praxis \/ Abstract<\/a><\/p>\n","protected":false},"excerpt":{"rendered":"<p>Ziel: Das Anliegen dieses Artikels ist es, die Zusammenh\u00e4nge von Resilienz, Alter und Geschlecht mit psychischer Belastung durch \u00c4ngstlichkeit und Depressivit\u00e4t zu analysieren. Methode: An einer Stichprobe von 3748 Personen wurde der Zusammenhang von Resilienz mit \u00c4ngstlichkeit und Depressivit\u00e4t mittels &hellip; <a href=\"https:\/\/www.psychologie-aktuell.info\/reha\/2014\/11\/fuehrt-niedrige-resilienz-zu-einer-staerkeren-psychischen-belastung\/\">Weiterlesen <span class=\"meta-nav\">&rarr;<\/span><\/a><\/p>\n","protected":false},"author":1,"featured_media":0,"comment_status":"closed","ping_status":"closed","sticky":false,"template":"","format":"standard","meta":{"_jetpack_memberships_contains_paid_content":false,"footnotes":""},"categories":[21],"tags":[],"class_list":["post-8977","post","type-post","status-publish","format-standard","hentry","category-zeitschriftenartikel"],"jetpack_featured_media_url":"","jetpack_shortlink":"https:\/\/wp.me\/p1fMVY-2kN","jetpack_sharing_enabled":true,"_links":{"self":[{"href":"https:\/\/www.psychologie-aktuell.info\/reha\/wp-json\/wp\/v2\/posts\/8977","targetHints":{"allow":["GET"]}}],"collection":[{"href":"https:\/\/www.psychologie-aktuell.info\/reha\/wp-json\/wp\/v2\/posts"}],"about":[{"href":"https:\/\/www.psychologie-aktuell.info\/reha\/wp-json\/wp\/v2\/types\/post"}],"author":[{"embeddable":true,"href":"https:\/\/www.psychologie-aktuell.info\/reha\/wp-json\/wp\/v2\/users\/1"}],"replies":[{"embeddable":true,"href":"https:\/\/www.psychologie-aktuell.info\/reha\/wp-json\/wp\/v2\/comments?post=8977"}],"version-history":[{"count":2,"href":"https:\/\/www.psychologie-aktuell.info\/reha\/wp-json\/wp\/v2\/posts\/8977\/revisions"}],"predecessor-version":[{"id":9057,"href":"https:\/\/www.psychologie-aktuell.info\/reha\/wp-json\/wp\/v2\/posts\/8977\/revisions\/9057"}],"wp:attachment":[{"href":"https:\/\/www.psychologie-aktuell.info\/reha\/wp-json\/wp\/v2\/media?parent=8977"}],"wp:term":[{"taxonomy":"category","embeddable":true,"href":"https:\/\/www.psychologie-aktuell.info\/reha\/wp-json\/wp\/v2\/categories?post=8977"},{"taxonomy":"post_tag","embeddable":true,"href":"https:\/\/www.psychologie-aktuell.info\/reha\/wp-json\/wp\/v2\/tags?post=8977"}],"curies":[{"name":"wp","href":"https:\/\/api.w.org\/{rel}","templated":true}]}}