{"id":8981,"date":"2014-11-28T06:10:50","date_gmt":"2014-11-28T05:10:50","guid":{"rendered":"http:\/\/www.psychologie-aktuell.info\/reha\/?p=8981"},"modified":"2014-11-05T09:57:39","modified_gmt":"2014-11-05T08:57:39","slug":"versorgungsbarrieren-auf-den-behandlungswegen-von-patienten-mit-angst-und-depressiven-erkrankungen-eine-qualitative-interviewstudie","status":"publish","type":"post","link":"https:\/\/www.psychologie-aktuell.info\/reha\/2014\/11\/versorgungsbarrieren-auf-den-behandlungswegen-von-patienten-mit-angst-und-depressiven-erkrankungen-eine-qualitative-interviewstudie\/","title":{"rendered":"Versorgungsbarrieren auf den Behandlungswegen von Patienten mit Angst- und depressiven Erkrankungen \u2013 Eine qualitative Interviewstudie"},"content":{"rendered":"<blockquote><p><span class=\"b\">Anliegen: <\/span>Welche Versorgungsbarrieren nehmen Angst- und depressive Patienten auf ihren Behandlungswegen subjektiv wahr?<\/p>\n<p><span class=\"b\">Methode: <\/span>30 halbstrukturierte Patienteninterviews, ausgewertet anhand der qualitativen Inhaltsanalyse nach Mayring.<\/p>\n<p><span class=\"b\">Ergebnisse: <\/span>Berichtete Barrieren waren sp\u00e4te Diagnosestellung, H\u00fcrden an Versorgungsschnittstellen, mangelnde Information \u00fcber die Erkrankung und Behandlungsm\u00f6glichkeiten sowie intrapersonelle Hindernisse.<\/p>\n<p><span class=\"b\">Schlussfolgerung: <\/span>Optimierungsbedarf besteht hinsichtlich der Fr\u00fcherkennung, der Aufkl\u00e4rung und der \u00dcberbr\u00fcckung von Wartezeiten.<\/p><\/blockquote>\n<p><a href=\"https:\/\/www.thieme-connect.de\/DOI\/DOI?10.1055\/s-0034-1370306\">Thieme E-Journals &#8211; Psychiatrische Praxis \/ Abstract<\/a><\/p>\n","protected":false},"excerpt":{"rendered":"<p>Anliegen: Welche Versorgungsbarrieren nehmen Angst- und depressive Patienten auf ihren Behandlungswegen subjektiv wahr? Methode: 30 halbstrukturierte Patienteninterviews, ausgewertet anhand der qualitativen Inhaltsanalyse nach Mayring. Ergebnisse: Berichtete Barrieren waren sp\u00e4te Diagnosestellung, H\u00fcrden an Versorgungsschnittstellen, mangelnde Information \u00fcber die Erkrankung und Behandlungsm\u00f6glichkeiten &hellip; <a href=\"https:\/\/www.psychologie-aktuell.info\/reha\/2014\/11\/versorgungsbarrieren-auf-den-behandlungswegen-von-patienten-mit-angst-und-depressiven-erkrankungen-eine-qualitative-interviewstudie\/\">Weiterlesen <span class=\"meta-nav\">&rarr;<\/span><\/a><\/p>\n","protected":false},"author":1,"featured_media":0,"comment_status":"closed","ping_status":"closed","sticky":false,"template":"","format":"standard","meta":{"_jetpack_memberships_contains_paid_content":false,"footnotes":""},"categories":[21],"tags":[],"class_list":["post-8981","post","type-post","status-publish","format-standard","hentry","category-zeitschriftenartikel"],"jetpack_featured_media_url":"","jetpack_shortlink":"https:\/\/wp.me\/p1fMVY-2kR","jetpack_sharing_enabled":true,"_links":{"self":[{"href":"https:\/\/www.psychologie-aktuell.info\/reha\/wp-json\/wp\/v2\/posts\/8981","targetHints":{"allow":["GET"]}}],"collection":[{"href":"https:\/\/www.psychologie-aktuell.info\/reha\/wp-json\/wp\/v2\/posts"}],"about":[{"href":"https:\/\/www.psychologie-aktuell.info\/reha\/wp-json\/wp\/v2\/types\/post"}],"author":[{"embeddable":true,"href":"https:\/\/www.psychologie-aktuell.info\/reha\/wp-json\/wp\/v2\/users\/1"}],"replies":[{"embeddable":true,"href":"https:\/\/www.psychologie-aktuell.info\/reha\/wp-json\/wp\/v2\/comments?post=8981"}],"version-history":[{"count":2,"href":"https:\/\/www.psychologie-aktuell.info\/reha\/wp-json\/wp\/v2\/posts\/8981\/revisions"}],"predecessor-version":[{"id":9055,"href":"https:\/\/www.psychologie-aktuell.info\/reha\/wp-json\/wp\/v2\/posts\/8981\/revisions\/9055"}],"wp:attachment":[{"href":"https:\/\/www.psychologie-aktuell.info\/reha\/wp-json\/wp\/v2\/media?parent=8981"}],"wp:term":[{"taxonomy":"category","embeddable":true,"href":"https:\/\/www.psychologie-aktuell.info\/reha\/wp-json\/wp\/v2\/categories?post=8981"},{"taxonomy":"post_tag","embeddable":true,"href":"https:\/\/www.psychologie-aktuell.info\/reha\/wp-json\/wp\/v2\/tags?post=8981"}],"curies":[{"name":"wp","href":"https:\/\/api.w.org\/{rel}","templated":true}]}}