{"id":9187,"date":"2015-01-06T08:13:22","date_gmt":"2015-01-06T07:13:22","guid":{"rendered":"http:\/\/www.psychologie-aktuell.info\/reha\/?p=9187"},"modified":"2015-01-06T12:22:28","modified_gmt":"2015-01-06T11:22:28","slug":"termin-14-01-2015-podiumsgespraech-der-akademisierungswahn-zur-krise-beruflicher-und-akademischer-bildung","status":"publish","type":"post","link":"https:\/\/www.psychologie-aktuell.info\/reha\/2015\/01\/termin-14-01-2015-podiumsgespraech-der-akademisierungswahn-zur-krise-beruflicher-und-akademischer-bildung\/","title":{"rendered":"Termin: 14.01.2015 &#8211; Podiumsgespr\u00e4ch | Der Akademisierungswahn. Zur Krise beruflicher und akademischer Bildung"},"content":{"rendered":"<blockquote><p>\u00bbDie deutsche Bildungspolitik ist auf dem Holzweg: Die berufliche Bildung wird vernachl\u00e4ssigt, die akademische Bildung wird immer beliebiger und flacher\u00ab. Mit dieser These trat Julian Nida-R\u00fcmelin, einer der renommiertesten deutschen Philosophen, der sich als public intellectual immer wieder einmischt, eine Debatte los.<br \/>\nBildungsministerin Johanna Wanka pl\u00e4diert wie er f\u00fcr ein Bildungssystem, das sich konsequent an der Vielfalt von Begabungen, Interessen, Berufs- und Lebenswegen orientiert. Jedem begabten jungen Menschen, der studieren will, soll eine gute universit\u00e4re Ausbildung offenstehen. Zu diesem System geh\u00f6rt aber auch die berufliche Bildung, um die Deutschland in der ganzen Welt beneidet wird.<br \/>\nAuf dem Podium stellen sich die Experten den dr\u00e4ngenden Fragen: Wie k\u00f6nnen gesellschaftliche Anerkennung und Respekt f\u00fcr die duale Ausbildung gest\u00e4rkt werden? Wie dem Fachkr\u00e4ftemangel entgegengewirkt werden, wenn \u00fcber die H\u00e4lfte der deutschen Abiturienten studieren will? Welche konkreten Offensiven startet der Staat? \u00dcber welche effektiven Stellschrauben verf\u00fcgen der Staat, die Wirtschaft, die Gewerkschaften und vor allem diejenigen, die die Bildung durch eigene Berufspraxis und Lebensentscheidungen tragen: die Lehrenden und Lernenden?<\/p>\n<p><strong>Hinweise zur Teilnahme:<\/strong><\/p>\n<p>Der Eintritt ist frei. Eine Anmeldung ist nicht erforderlich.<\/p><\/blockquote>\n<p><a href=\"http:\/\/idw-online.de\/pages\/de\/event49513\">Podiumsgespr\u00e4ch | Der Akademisierungswahn. Zur Krise beruflicher und akademischer Bildung<\/a><\/p>\n","protected":false},"excerpt":{"rendered":"<p>\u00bbDie deutsche Bildungspolitik ist auf dem Holzweg: Die berufliche Bildung wird vernachl\u00e4ssigt, die akademische Bildung wird immer beliebiger und flacher\u00ab. Mit dieser These trat Julian Nida-R\u00fcmelin, einer der renommiertesten deutschen Philosophen, der sich als public intellectual immer wieder einmischt, eine &hellip; <a href=\"https:\/\/www.psychologie-aktuell.info\/reha\/2015\/01\/termin-14-01-2015-podiumsgespraech-der-akademisierungswahn-zur-krise-beruflicher-und-akademischer-bildung\/\">Weiterlesen <span class=\"meta-nav\">&rarr;<\/span><\/a><\/p>\n","protected":false},"author":1,"featured_media":0,"comment_status":"closed","ping_status":"closed","sticky":false,"template":"","format":"standard","meta":{"_jetpack_memberships_contains_paid_content":false,"footnotes":""},"categories":[36],"tags":[],"class_list":["post-9187","post","type-post","status-publish","format-standard","hentry","category-termine"],"jetpack_featured_media_url":"","jetpack_shortlink":"https:\/\/wp.me\/p1fMVY-2ob","jetpack_sharing_enabled":true,"_links":{"self":[{"href":"https:\/\/www.psychologie-aktuell.info\/reha\/wp-json\/wp\/v2\/posts\/9187","targetHints":{"allow":["GET"]}}],"collection":[{"href":"https:\/\/www.psychologie-aktuell.info\/reha\/wp-json\/wp\/v2\/posts"}],"about":[{"href":"https:\/\/www.psychologie-aktuell.info\/reha\/wp-json\/wp\/v2\/types\/post"}],"author":[{"embeddable":true,"href":"https:\/\/www.psychologie-aktuell.info\/reha\/wp-json\/wp\/v2\/users\/1"}],"replies":[{"embeddable":true,"href":"https:\/\/www.psychologie-aktuell.info\/reha\/wp-json\/wp\/v2\/comments?post=9187"}],"version-history":[{"count":3,"href":"https:\/\/www.psychologie-aktuell.info\/reha\/wp-json\/wp\/v2\/posts\/9187\/revisions"}],"predecessor-version":[{"id":9343,"href":"https:\/\/www.psychologie-aktuell.info\/reha\/wp-json\/wp\/v2\/posts\/9187\/revisions\/9343"}],"wp:attachment":[{"href":"https:\/\/www.psychologie-aktuell.info\/reha\/wp-json\/wp\/v2\/media?parent=9187"}],"wp:term":[{"taxonomy":"category","embeddable":true,"href":"https:\/\/www.psychologie-aktuell.info\/reha\/wp-json\/wp\/v2\/categories?post=9187"},{"taxonomy":"post_tag","embeddable":true,"href":"https:\/\/www.psychologie-aktuell.info\/reha\/wp-json\/wp\/v2\/tags?post=9187"}],"curies":[{"name":"wp","href":"https:\/\/api.w.org\/{rel}","templated":true}]}}