{"id":9195,"date":"2015-01-06T08:16:44","date_gmt":"2015-01-06T07:16:44","guid":{"rendered":"http:\/\/www.psychologie-aktuell.info\/reha\/?p=9195"},"modified":"2015-01-06T12:24:41","modified_gmt":"2015-01-06T11:24:41","slug":"termin-22-01-2015-hamburg-vortrag-sebastian-berg-multikulturalismus","status":"publish","type":"post","link":"https:\/\/www.psychologie-aktuell.info\/reha\/2015\/01\/termin-22-01-2015-hamburg-vortrag-sebastian-berg-multikulturalismus\/","title":{"rendered":"Termin 22.01.2015 \/ Hamburg &#8211; VORTRAG Sebastian Berg: Multikulturalismus"},"content":{"rendered":"<blockquote><p>Konzepte von Multikulturalismus haben im politischen Handeln seit den 1980er Jahren eine wechselvolle Karriere gemacht: Galten sie zun\u00e4chst, vor allem f\u00fcr Konservative, als Bedrohung f\u00fcr bew\u00e4hrte Modelle gesellschaftlichen Zusammenlebens, erlangten sie sp\u00e4ter, vor allem in linksliberalen Milieus, eine gewisse Akzeptanz als Zielvorstellung gesellschaftspolitischen Handelns. Doch wurden mit der Z\u00e4sur des 11. September 2001 diese Konzepte zunehmend wieder in Frage gestellt.<\/p>\n<p>Ein Schl\u00fcssel zum Verst\u00e4ndnis dieser Ver\u00e4nderungen findet sich in politischen Entwicklungen, die jenseits von Migrationspraxen und multiethnischen Konstellationen zu suchen sind. Das Verm\u00e4chtnis der 1980er Jahre liegt zum einen in der Durchsetzung der neoliberalen Hegemonie und der marktf\u00f6rmigen Restrukturierung weiter Bereiche des gesellschaftlichen Lebens, also in der Transformation des fordistischen Sicherheitsstaates in einen postfordistischen Wettbewerbsstaat (Joachim Hirsch). Zum anderen ver\u00e4nderte das Ende des Kalten Krieges die strategischen und \u00f6konomischen Konstellationen in Europa radikal und erlaubte eine R\u00fcckbesinnung vieler europ\u00e4ischer Gesellschaften auf ihr traditionell imaginiertes Gegenteil, die &#8222;islamische Welt&#8220; (Ziauddin Sardar).<\/p>\n<p>In dem Vortrag wird gezeigt, wie diese beiden Ph\u00e4nomene, die Durchsetzung der neoliberalen Hegemonie und das Ende des Kalten Krieges, eine \u2013 in verschiedenen westeurop\u00e4ischen Gesellschaften unterschiedlich akzentuierte \u2013 widerspr\u00fcchliche politische Handlungsdynamik entfaltet haben, die zwischen den Positionen eines gem\u00e4\u00dfigten (Post-)Multikulturalismus, gesteuerter Migration, kulturellem Rassismus und Wohlstandschauvinismus zu vermitteln versucht.<\/p><\/blockquote>\n<p><a href=\"http:\/\/idw-online.de\/pages\/de\/event48569\">VORTRAG Sebastian Berg: Multikulturalismus<\/a><\/p>\n","protected":false},"excerpt":{"rendered":"<p>Konzepte von Multikulturalismus haben im politischen Handeln seit den 1980er Jahren eine wechselvolle Karriere gemacht: Galten sie zun\u00e4chst, vor allem f\u00fcr Konservative, als Bedrohung f\u00fcr bew\u00e4hrte Modelle gesellschaftlichen Zusammenlebens, erlangten sie sp\u00e4ter, vor allem in linksliberalen Milieus, eine gewisse Akzeptanz &hellip; <a href=\"https:\/\/www.psychologie-aktuell.info\/reha\/2015\/01\/termin-22-01-2015-hamburg-vortrag-sebastian-berg-multikulturalismus\/\">Weiterlesen <span class=\"meta-nav\">&rarr;<\/span><\/a><\/p>\n","protected":false},"author":1,"featured_media":0,"comment_status":"closed","ping_status":"closed","sticky":false,"template":"","format":"standard","meta":{"_jetpack_memberships_contains_paid_content":false,"footnotes":""},"categories":[36],"tags":[],"class_list":["post-9195","post","type-post","status-publish","format-standard","hentry","category-termine"],"jetpack_featured_media_url":"","jetpack_shortlink":"https:\/\/wp.me\/p1fMVY-2oj","jetpack_sharing_enabled":true,"_links":{"self":[{"href":"https:\/\/www.psychologie-aktuell.info\/reha\/wp-json\/wp\/v2\/posts\/9195","targetHints":{"allow":["GET"]}}],"collection":[{"href":"https:\/\/www.psychologie-aktuell.info\/reha\/wp-json\/wp\/v2\/posts"}],"about":[{"href":"https:\/\/www.psychologie-aktuell.info\/reha\/wp-json\/wp\/v2\/types\/post"}],"author":[{"embeddable":true,"href":"https:\/\/www.psychologie-aktuell.info\/reha\/wp-json\/wp\/v2\/users\/1"}],"replies":[{"embeddable":true,"href":"https:\/\/www.psychologie-aktuell.info\/reha\/wp-json\/wp\/v2\/comments?post=9195"}],"version-history":[{"count":2,"href":"https:\/\/www.psychologie-aktuell.info\/reha\/wp-json\/wp\/v2\/posts\/9195\/revisions"}],"predecessor-version":[{"id":9345,"href":"https:\/\/www.psychologie-aktuell.info\/reha\/wp-json\/wp\/v2\/posts\/9195\/revisions\/9345"}],"wp:attachment":[{"href":"https:\/\/www.psychologie-aktuell.info\/reha\/wp-json\/wp\/v2\/media?parent=9195"}],"wp:term":[{"taxonomy":"category","embeddable":true,"href":"https:\/\/www.psychologie-aktuell.info\/reha\/wp-json\/wp\/v2\/categories?post=9195"},{"taxonomy":"post_tag","embeddable":true,"href":"https:\/\/www.psychologie-aktuell.info\/reha\/wp-json\/wp\/v2\/tags?post=9195"}],"curies":[{"name":"wp","href":"https:\/\/api.w.org\/{rel}","templated":true}]}}