{"id":9281,"date":"2015-02-10T06:59:01","date_gmt":"2015-02-10T05:59:01","guid":{"rendered":"http:\/\/www.psychologie-aktuell.info\/reha\/?p=9281"},"modified":"2015-02-03T22:06:39","modified_gmt":"2015-02-03T21:06:39","slug":"berufsbezogene-rehabilitation-und-nachsorge-in-der-kardiologischen-rehabilitation-beruna-ergebnisse-einer-randomisierten-kontrollgruppenstudie","status":"publish","type":"post","link":"https:\/\/www.psychologie-aktuell.info\/reha\/2015\/02\/berufsbezogene-rehabilitation-und-nachsorge-in-der-kardiologischen-rehabilitation-beruna-ergebnisse-einer-randomisierten-kontrollgruppenstudie\/","title":{"rendered":"Berufsbezogene Rehabilitation und Nachsorge in der kardiologischen Rehabilitation (BERUNA): Ergebnisse einer randomisierten Kontrollgruppenstudie"},"content":{"rendered":"<blockquote><p><span class=\"b\">Hintergrund:<\/span> Die verst\u00e4rkte Ausrichtung der medizinischen Rehabilitation auf berufsbezogene Problemlagen wird bereits seit Anfang der 1990er Jahre vom Verband Deutscher Rentenversicherungstr\u00e4ger (VDR) gefordert. Durch Integration von Elementen der Arbeitswelt in die Strukturen und Prozesse der medizinischen Rehabilitation sollen arbeits- und berufsbezogene Problemlagen fr\u00fchzeitig identifiziert werden, um zeitnah geeignete Gegenma\u00dfnahmen treffen zu k\u00f6nnen. Poststation\u00e4re Ma\u00dfnahmen bieten eine M\u00f6glichkeit, einen dauerhaften Erfolg sicherzustellen.<br \/>\n&#8230;<br \/>\n<span class=\"b\">Schlussfolgerung:<\/span> Berufsorientierte Ans\u00e4tze in der Rehabilitation bed\u00fcrfen weiterer \u00dcberarbeitung, auch im Hinblick auf die Frage, ob und in welcher Form Nachsorge ver\u00e4ndert werden muss.<\/p><\/blockquote>\n<p><a href=\"https:\/\/www.thieme-connect.de\/DOI\/DOI?10.1055\/s-0034-1384597\">Thieme E-Journals &#8211; Die Rehabilitation \/ Abstract<\/a><\/p>\n","protected":false},"excerpt":{"rendered":"<p>Hintergrund: Die verst\u00e4rkte Ausrichtung der medizinischen Rehabilitation auf berufsbezogene Problemlagen wird bereits seit Anfang der 1990er Jahre vom Verband Deutscher Rentenversicherungstr\u00e4ger (VDR) gefordert. Durch Integration von Elementen der Arbeitswelt in die Strukturen und Prozesse der medizinischen Rehabilitation sollen arbeits- und &hellip; <a href=\"https:\/\/www.psychologie-aktuell.info\/reha\/2015\/02\/berufsbezogene-rehabilitation-und-nachsorge-in-der-kardiologischen-rehabilitation-beruna-ergebnisse-einer-randomisierten-kontrollgruppenstudie\/\">Weiterlesen <span class=\"meta-nav\">&rarr;<\/span><\/a><\/p>\n","protected":false},"author":1,"featured_media":0,"comment_status":"closed","ping_status":"closed","sticky":false,"template":"","format":"standard","meta":{"_jetpack_memberships_contains_paid_content":false,"footnotes":""},"categories":[21],"tags":[],"class_list":["post-9281","post","type-post","status-publish","format-standard","hentry","category-zeitschriftenartikel"],"jetpack_featured_media_url":"","jetpack_shortlink":"https:\/\/wp.me\/p1fMVY-2pH","jetpack_sharing_enabled":true,"_links":{"self":[{"href":"https:\/\/www.psychologie-aktuell.info\/reha\/wp-json\/wp\/v2\/posts\/9281","targetHints":{"allow":["GET"]}}],"collection":[{"href":"https:\/\/www.psychologie-aktuell.info\/reha\/wp-json\/wp\/v2\/posts"}],"about":[{"href":"https:\/\/www.psychologie-aktuell.info\/reha\/wp-json\/wp\/v2\/types\/post"}],"author":[{"embeddable":true,"href":"https:\/\/www.psychologie-aktuell.info\/reha\/wp-json\/wp\/v2\/users\/1"}],"replies":[{"embeddable":true,"href":"https:\/\/www.psychologie-aktuell.info\/reha\/wp-json\/wp\/v2\/comments?post=9281"}],"version-history":[{"count":3,"href":"https:\/\/www.psychologie-aktuell.info\/reha\/wp-json\/wp\/v2\/posts\/9281\/revisions"}],"predecessor-version":[{"id":9417,"href":"https:\/\/www.psychologie-aktuell.info\/reha\/wp-json\/wp\/v2\/posts\/9281\/revisions\/9417"}],"wp:attachment":[{"href":"https:\/\/www.psychologie-aktuell.info\/reha\/wp-json\/wp\/v2\/media?parent=9281"}],"wp:term":[{"taxonomy":"category","embeddable":true,"href":"https:\/\/www.psychologie-aktuell.info\/reha\/wp-json\/wp\/v2\/categories?post=9281"},{"taxonomy":"post_tag","embeddable":true,"href":"https:\/\/www.psychologie-aktuell.info\/reha\/wp-json\/wp\/v2\/tags?post=9281"}],"curies":[{"name":"wp","href":"https:\/\/api.w.org\/{rel}","templated":true}]}}