{"id":9283,"date":"2015-02-04T06:00:08","date_gmt":"2015-02-04T05:00:08","guid":{"rendered":"http:\/\/www.psychologie-aktuell.info\/reha\/?p=9283"},"modified":"2015-02-03T21:42:43","modified_gmt":"2015-02-03T20:42:43","slug":"die-lida-studie-liefert-wichtige-erkenntnisse-ueber-die-zusammenhaenge-von-arbeit-alter-gesundheit-und-erwerbsteilhabe","status":"publish","type":"post","link":"https:\/\/www.psychologie-aktuell.info\/reha\/2015\/02\/die-lida-studie-liefert-wichtige-erkenntnisse-ueber-die-zusammenhaenge-von-arbeit-alter-gesundheit-und-erwerbsteilhabe\/","title":{"rendered":"Die lidA-Studie liefert wichtige Erkenntnisse \u00fcber die Zusammenh\u00e4nge von Arbeit, Alter, Gesundheit und Erwerbsteilhabe"},"content":{"rendered":"<blockquote><p>Die lidA-(leben in der Arbeit-)Studie untersucht vor diesem Hintergrund Langzeiteffekte der Arbeit auf Gesundheit und Erwerbsteilhabe in einer \u00e4lter werdenden Erwerbsbev\u00f6lkerung aus interdisziplin\u00e4rer Perspektive. Sie ist derzeit die einzige umfassende prospektive Studie in Deutschland, die Besch\u00e4ftigungsf\u00e4higkeit umfassend operationalisiert. Die Grundlage bildet eine bundesweite Stichprobe von sozialversicherungspflichtig besch\u00e4ftigten Arbeitnehmern, die repr\u00e4sentativ f\u00fcr zwei Geburtskohorten der Babyboomergeneration (1959 und 1965) gezogen wurde und im Dreijahresabstand befragt wird. Das Studiendesign der L\u00e4ngsschnittuntersuchung (Schaies \u201amost efficient design\u2018) erm\u00f6glicht die Unterscheidung von Alters-, Kohorten- und Messzeitpunkteffekten<\/p><\/blockquote>\n<p><a href=\"https:\/\/www.thieme-connect.de\/DOI\/DOI?10.1055\/s-0034-1389930\">Thieme E-Journals &#8211; Das Gesundheitswesen \/ Abstract<\/a><\/p>\n","protected":false},"excerpt":{"rendered":"<p>Die lidA-(leben in der Arbeit-)Studie untersucht vor diesem Hintergrund Langzeiteffekte der Arbeit auf Gesundheit und Erwerbsteilhabe in einer \u00e4lter werdenden Erwerbsbev\u00f6lkerung aus interdisziplin\u00e4rer Perspektive. Sie ist derzeit die einzige umfassende prospektive Studie in Deutschland, die Besch\u00e4ftigungsf\u00e4higkeit umfassend operationalisiert. Die Grundlage &hellip; <a href=\"https:\/\/www.psychologie-aktuell.info\/reha\/2015\/02\/die-lida-studie-liefert-wichtige-erkenntnisse-ueber-die-zusammenhaenge-von-arbeit-alter-gesundheit-und-erwerbsteilhabe\/\">Weiterlesen <span class=\"meta-nav\">&rarr;<\/span><\/a><\/p>\n","protected":false},"author":1,"featured_media":0,"comment_status":"closed","ping_status":"closed","sticky":false,"template":"","format":"standard","meta":{"_jetpack_memberships_contains_paid_content":false,"footnotes":""},"categories":[21],"tags":[],"class_list":["post-9283","post","type-post","status-publish","format-standard","hentry","category-zeitschriftenartikel"],"jetpack_featured_media_url":"","jetpack_shortlink":"https:\/\/wp.me\/p1fMVY-2pJ","jetpack_sharing_enabled":true,"_links":{"self":[{"href":"https:\/\/www.psychologie-aktuell.info\/reha\/wp-json\/wp\/v2\/posts\/9283","targetHints":{"allow":["GET"]}}],"collection":[{"href":"https:\/\/www.psychologie-aktuell.info\/reha\/wp-json\/wp\/v2\/posts"}],"about":[{"href":"https:\/\/www.psychologie-aktuell.info\/reha\/wp-json\/wp\/v2\/types\/post"}],"author":[{"embeddable":true,"href":"https:\/\/www.psychologie-aktuell.info\/reha\/wp-json\/wp\/v2\/users\/1"}],"replies":[{"embeddable":true,"href":"https:\/\/www.psychologie-aktuell.info\/reha\/wp-json\/wp\/v2\/comments?post=9283"}],"version-history":[{"count":3,"href":"https:\/\/www.psychologie-aktuell.info\/reha\/wp-json\/wp\/v2\/posts\/9283\/revisions"}],"predecessor-version":[{"id":9403,"href":"https:\/\/www.psychologie-aktuell.info\/reha\/wp-json\/wp\/v2\/posts\/9283\/revisions\/9403"}],"wp:attachment":[{"href":"https:\/\/www.psychologie-aktuell.info\/reha\/wp-json\/wp\/v2\/media?parent=9283"}],"wp:term":[{"taxonomy":"category","embeddable":true,"href":"https:\/\/www.psychologie-aktuell.info\/reha\/wp-json\/wp\/v2\/categories?post=9283"},{"taxonomy":"post_tag","embeddable":true,"href":"https:\/\/www.psychologie-aktuell.info\/reha\/wp-json\/wp\/v2\/tags?post=9283"}],"curies":[{"name":"wp","href":"https:\/\/api.w.org\/{rel}","templated":true}]}}