{"id":9285,"date":"2015-03-28T06:00:34","date_gmt":"2015-03-28T05:00:34","guid":{"rendered":"http:\/\/www.psychologie-aktuell.info\/reha\/?p=9285"},"modified":"2015-03-07T09:45:29","modified_gmt":"2015-03-07T08:45:29","slug":"die-bevoelkerungsbezogene-lebensqualitaet-gemessen-mit-dem-sf-12v1-bei-51-bis-80-jaehrigen-luebeckern-in-den-jahren-201011-im-vergleich-zur-deutschen-normstichprobe-von-1994","status":"publish","type":"post","link":"https:\/\/www.psychologie-aktuell.info\/reha\/2015\/03\/die-bevoelkerungsbezogene-lebensqualitaet-gemessen-mit-dem-sf-12v1-bei-51-bis-80-jaehrigen-luebeckern-in-den-jahren-201011-im-vergleich-zur-deutschen-normstichprobe-von-1994\/","title":{"rendered":"Die bev\u00f6lkerungsbezogene Lebensqualit\u00e4t gemessen mit dem SF-12v1 bei 51- bis 80-j\u00e4hrigen L\u00fcbeckern in den Jahren 2010\/11 im Vergleich zur Deutschen Normstichprobe von 1994"},"content":{"rendered":"<blockquote><p>Die gesundheitsbezogene Lebensqualit\u00e4t (Health-Related Quality of Life, HRQL) gilt als bedeutsamer Endpunkt bei der Beurteilung von Therapie- und Pr\u00e4ventionsma\u00dfnahmen. Als Vergleichsgrundlage sind dabei nicht nur an Patienten gemessene Referenzdaten von Interesse, sondern auch repr\u00e4sentative Bev\u00f6lkerungsdaten, wie sie in der vorliegenden L\u00fcbecker Bev\u00f6lkerungsstichprobe (LBS) erhoben wurden. Es wird der Frage nachgegangen, wie sich die HRQL der L\u00fcbecker Wohnbev\u00f6lkerung aus dem Jahr 2010\/11 von der deutschen Normstichprobe (DNSP) aus dem Jahr 1994 unterscheidet und welche Auswirkungen Diabetes mellitus- und Hypertonie-Erkrankungen auf die HRQL zeigen.<\/p><\/blockquote>\n<p><a href=\"https:\/\/www.thieme-connect.de\/DOI\/DOI?10.1055\/s-0034-1390420\">Thieme E-Journals &#8211; Das Gesundheitswesen \/ Abstract<\/a><\/p>\n","protected":false},"excerpt":{"rendered":"<p>Die gesundheitsbezogene Lebensqualit\u00e4t (Health-Related Quality of Life, HRQL) gilt als bedeutsamer Endpunkt bei der Beurteilung von Therapie- und Pr\u00e4ventionsma\u00dfnahmen. Als Vergleichsgrundlage sind dabei nicht nur an Patienten gemessene Referenzdaten von Interesse, sondern auch repr\u00e4sentative Bev\u00f6lkerungsdaten, wie sie in der vorliegenden &hellip; <a href=\"https:\/\/www.psychologie-aktuell.info\/reha\/2015\/03\/die-bevoelkerungsbezogene-lebensqualitaet-gemessen-mit-dem-sf-12v1-bei-51-bis-80-jaehrigen-luebeckern-in-den-jahren-201011-im-vergleich-zur-deutschen-normstichprobe-von-1994\/\">Weiterlesen <span class=\"meta-nav\">&rarr;<\/span><\/a><\/p>\n","protected":false},"author":1,"featured_media":0,"comment_status":"closed","ping_status":"closed","sticky":false,"template":"","format":"standard","meta":{"_jetpack_memberships_contains_paid_content":false,"footnotes":""},"categories":[21],"tags":[],"class_list":["post-9285","post","type-post","status-publish","format-standard","hentry","category-zeitschriftenartikel"],"jetpack_featured_media_url":"","jetpack_shortlink":"https:\/\/wp.me\/p1fMVY-2pL","jetpack_sharing_enabled":true,"_links":{"self":[{"href":"https:\/\/www.psychologie-aktuell.info\/reha\/wp-json\/wp\/v2\/posts\/9285","targetHints":{"allow":["GET"]}}],"collection":[{"href":"https:\/\/www.psychologie-aktuell.info\/reha\/wp-json\/wp\/v2\/posts"}],"about":[{"href":"https:\/\/www.psychologie-aktuell.info\/reha\/wp-json\/wp\/v2\/types\/post"}],"author":[{"embeddable":true,"href":"https:\/\/www.psychologie-aktuell.info\/reha\/wp-json\/wp\/v2\/users\/1"}],"replies":[{"embeddable":true,"href":"https:\/\/www.psychologie-aktuell.info\/reha\/wp-json\/wp\/v2\/comments?post=9285"}],"version-history":[{"count":3,"href":"https:\/\/www.psychologie-aktuell.info\/reha\/wp-json\/wp\/v2\/posts\/9285\/revisions"}],"predecessor-version":[{"id":9512,"href":"https:\/\/www.psychologie-aktuell.info\/reha\/wp-json\/wp\/v2\/posts\/9285\/revisions\/9512"}],"wp:attachment":[{"href":"https:\/\/www.psychologie-aktuell.info\/reha\/wp-json\/wp\/v2\/media?parent=9285"}],"wp:term":[{"taxonomy":"category","embeddable":true,"href":"https:\/\/www.psychologie-aktuell.info\/reha\/wp-json\/wp\/v2\/categories?post=9285"},{"taxonomy":"post_tag","embeddable":true,"href":"https:\/\/www.psychologie-aktuell.info\/reha\/wp-json\/wp\/v2\/tags?post=9285"}],"curies":[{"name":"wp","href":"https:\/\/api.w.org\/{rel}","templated":true}]}}