{"id":9289,"date":"2015-03-01T06:01:24","date_gmt":"2015-03-01T05:01:24","guid":{"rendered":"http:\/\/www.psychologie-aktuell.info\/reha\/?p=9289"},"modified":"2015-02-12T21:16:53","modified_gmt":"2015-02-12T20:16:53","slug":"wer-mehr-verzehrt-lebt-laenger","status":"publish","type":"post","link":"https:\/\/www.psychologie-aktuell.info\/reha\/2015\/03\/wer-mehr-verzehrt-lebt-laenger\/","title":{"rendered":"Wer mehr verzehrt, lebt l\u00e4nger"},"content":{"rendered":"<blockquote><p>Studien der letzten Jahre zeigen zunehmend deutlich, dass der Verzehr von Obst und Gem\u00fcse mit dem Mortalit\u00e4tsrisiko korreliert. Allerdings sind die Befunde noch immer nicht v\u00f6llig konsistent, und insbesondere \u00fcber eine m\u00f6gliche Dosis-Wirkungs-Beziehung besteht Unsicherheit. Eine umfassende Metaanalyse, die sich auf Daten aus den Jahren 1950\u2005\u2013\u20052013 st\u00fctzt, sollte kl\u00e4ren, wie Obst- und Gem\u00fcseverzehr die kardiovaskul\u00e4re, krebsbedingte und Gesamtmortalit\u00e4t beeinflussen. BMJ 2014; 349: g4490<\/p><\/blockquote>\n<p><a href=\"https:\/\/www.thieme-connect.de\/DOI\/DOI?10.1055\/s-0034-1396874\">Thieme E-Journals &#8211; Das Gesundheitswesen \/ Abstract<\/a><\/p>\n","protected":false},"excerpt":{"rendered":"<p>Studien der letzten Jahre zeigen zunehmend deutlich, dass der Verzehr von Obst und Gem\u00fcse mit dem Mortalit\u00e4tsrisiko korreliert. Allerdings sind die Befunde noch immer nicht v\u00f6llig konsistent, und insbesondere \u00fcber eine m\u00f6gliche Dosis-Wirkungs-Beziehung besteht Unsicherheit. Eine umfassende Metaanalyse, die sich &hellip; <a href=\"https:\/\/www.psychologie-aktuell.info\/reha\/2015\/03\/wer-mehr-verzehrt-lebt-laenger\/\">Weiterlesen <span class=\"meta-nav\">&rarr;<\/span><\/a><\/p>\n","protected":false},"author":1,"featured_media":0,"comment_status":"closed","ping_status":"closed","sticky":false,"template":"","format":"standard","meta":{"_jetpack_memberships_contains_paid_content":false,"footnotes":""},"categories":[21],"tags":[],"class_list":["post-9289","post","type-post","status-publish","format-standard","hentry","category-zeitschriftenartikel"],"jetpack_featured_media_url":"","jetpack_shortlink":"https:\/\/wp.me\/p1fMVY-2pP","jetpack_sharing_enabled":true,"_links":{"self":[{"href":"https:\/\/www.psychologie-aktuell.info\/reha\/wp-json\/wp\/v2\/posts\/9289","targetHints":{"allow":["GET"]}}],"collection":[{"href":"https:\/\/www.psychologie-aktuell.info\/reha\/wp-json\/wp\/v2\/posts"}],"about":[{"href":"https:\/\/www.psychologie-aktuell.info\/reha\/wp-json\/wp\/v2\/types\/post"}],"author":[{"embeddable":true,"href":"https:\/\/www.psychologie-aktuell.info\/reha\/wp-json\/wp\/v2\/users\/1"}],"replies":[{"embeddable":true,"href":"https:\/\/www.psychologie-aktuell.info\/reha\/wp-json\/wp\/v2\/comments?post=9289"}],"version-history":[{"count":3,"href":"https:\/\/www.psychologie-aktuell.info\/reha\/wp-json\/wp\/v2\/posts\/9289\/revisions"}],"predecessor-version":[{"id":9457,"href":"https:\/\/www.psychologie-aktuell.info\/reha\/wp-json\/wp\/v2\/posts\/9289\/revisions\/9457"}],"wp:attachment":[{"href":"https:\/\/www.psychologie-aktuell.info\/reha\/wp-json\/wp\/v2\/media?parent=9289"}],"wp:term":[{"taxonomy":"category","embeddable":true,"href":"https:\/\/www.psychologie-aktuell.info\/reha\/wp-json\/wp\/v2\/categories?post=9289"},{"taxonomy":"post_tag","embeddable":true,"href":"https:\/\/www.psychologie-aktuell.info\/reha\/wp-json\/wp\/v2\/tags?post=9289"}],"curies":[{"name":"wp","href":"https:\/\/api.w.org\/{rel}","templated":true}]}}