{"id":9295,"date":"2015-03-29T06:03:03","date_gmt":"2015-03-29T04:03:03","guid":{"rendered":"http:\/\/www.psychologie-aktuell.info\/reha\/?p=9295"},"modified":"2015-03-07T09:45:45","modified_gmt":"2015-03-07T08:45:45","slug":"achtsamkeitsorientierte-bewegungstherapie-bei-burnout-und-depression-eine-explorative-studie-zur-bewertung-von-therapieeffekten","status":"publish","type":"post","link":"https:\/\/www.psychologie-aktuell.info\/reha\/2015\/03\/achtsamkeitsorientierte-bewegungstherapie-bei-burnout-und-depression-eine-explorative-studie-zur-bewertung-von-therapieeffekten\/","title":{"rendered":"Achtsamkeitsorientierte Bewegungstherapie bei Burnout und Depression \u2013 Eine explorative Studie zur Bewertung von Therapieeffekten"},"content":{"rendered":"<blockquote><p>Wenngleich das Burnout-Syndrom nicht als eigenst\u00e4ndige Erkrankungsform in den derzeit bestehenden Klassifikationssystemen des ICD-10 und des neuen DSM V aufgef\u00fchrt wird, sondern nur als erg\u00e4nzende Zusatz-Kodierung (Z 73) besteht, findet man in der klinischen psychosomatischen Praxis dieses Symptomatik h\u00e4ufig in Verbindung mit Depressionen. Innerhalb vieler multidimensionaler Behandlungskonzepte sowohl zum Burnout als auch zur Depression spielen heute bewegungs- und sporttherapeutische Angebote sowie achtsamkeitsorientierte Verfahren eine zunehmend wichtigere Rolle. Viele Aspekte des Achtsamkeitstrainings lassen sich gut mit der Bewegungstherapie kombinieren. In der vorliegenden Studie wurde ein derartiges Bewegungstherapieangebot mithilfe eines problemzentrierten Interviews an 11\u00a0betroffenen Personen zum Ende oder nach Abschluss ihres station\u00e4ren psychosomatischen Klinikaufenthaltes evaluiert.<\/p><\/blockquote>\n<p><a href=\"https:\/\/www.thieme-connect.de\/DOI\/DOI?10.1055\/s-0034-1384488\">Thieme E-Journals &#8211; B&amp;G Bewegungstherapie und Gesundheitssport \/ Abstract<\/a><\/p>\n","protected":false},"excerpt":{"rendered":"<p>Wenngleich das Burnout-Syndrom nicht als eigenst\u00e4ndige Erkrankungsform in den derzeit bestehenden Klassifikationssystemen des ICD-10 und des neuen DSM V aufgef\u00fchrt wird, sondern nur als erg\u00e4nzende Zusatz-Kodierung (Z 73) besteht, findet man in der klinischen psychosomatischen Praxis dieses Symptomatik h\u00e4ufig in &hellip; <a href=\"https:\/\/www.psychologie-aktuell.info\/reha\/2015\/03\/achtsamkeitsorientierte-bewegungstherapie-bei-burnout-und-depression-eine-explorative-studie-zur-bewertung-von-therapieeffekten\/\">Weiterlesen <span class=\"meta-nav\">&rarr;<\/span><\/a><\/p>\n","protected":false},"author":1,"featured_media":0,"comment_status":"closed","ping_status":"closed","sticky":false,"template":"","format":"standard","meta":{"_jetpack_memberships_contains_paid_content":false,"footnotes":""},"categories":[21],"tags":[],"class_list":["post-9295","post","type-post","status-publish","format-standard","hentry","category-zeitschriftenartikel"],"jetpack_featured_media_url":"","jetpack_shortlink":"https:\/\/wp.me\/p1fMVY-2pV","jetpack_sharing_enabled":true,"_links":{"self":[{"href":"https:\/\/www.psychologie-aktuell.info\/reha\/wp-json\/wp\/v2\/posts\/9295","targetHints":{"allow":["GET"]}}],"collection":[{"href":"https:\/\/www.psychologie-aktuell.info\/reha\/wp-json\/wp\/v2\/posts"}],"about":[{"href":"https:\/\/www.psychologie-aktuell.info\/reha\/wp-json\/wp\/v2\/types\/post"}],"author":[{"embeddable":true,"href":"https:\/\/www.psychologie-aktuell.info\/reha\/wp-json\/wp\/v2\/users\/1"}],"replies":[{"embeddable":true,"href":"https:\/\/www.psychologie-aktuell.info\/reha\/wp-json\/wp\/v2\/comments?post=9295"}],"version-history":[{"count":3,"href":"https:\/\/www.psychologie-aktuell.info\/reha\/wp-json\/wp\/v2\/posts\/9295\/revisions"}],"predecessor-version":[{"id":9515,"href":"https:\/\/www.psychologie-aktuell.info\/reha\/wp-json\/wp\/v2\/posts\/9295\/revisions\/9515"}],"wp:attachment":[{"href":"https:\/\/www.psychologie-aktuell.info\/reha\/wp-json\/wp\/v2\/media?parent=9295"}],"wp:term":[{"taxonomy":"category","embeddable":true,"href":"https:\/\/www.psychologie-aktuell.info\/reha\/wp-json\/wp\/v2\/categories?post=9295"},{"taxonomy":"post_tag","embeddable":true,"href":"https:\/\/www.psychologie-aktuell.info\/reha\/wp-json\/wp\/v2\/tags?post=9295"}],"curies":[{"name":"wp","href":"https:\/\/api.w.org\/{rel}","templated":true}]}}