{"id":9317,"date":"2015-03-02T06:06:45","date_gmt":"2015-03-02T05:06:45","guid":{"rendered":"http:\/\/www.psychologie-aktuell.info\/reha\/?p=9317"},"modified":"2015-02-12T21:17:09","modified_gmt":"2015-02-12T20:17:09","slug":"je-groesser-die-angst-desto-staerker-der-schmerz","status":"publish","type":"post","link":"https:\/\/www.psychologie-aktuell.info\/reha\/2015\/03\/je-groesser-die-angst-desto-staerker-der-schmerz\/","title":{"rendered":"Je gr\u00f6\u00dfer die Angst, desto st\u00e4rker der Schmerz"},"content":{"rendered":"<blockquote><p>Chronische Schmerzen bleiben h\u00e4ufig therapieresistent, Behandlungserfolge durch intensive Therapie sind oft nur von kurzer Dauer. Die Frage nach Faktoren, die schon vorab eine Prognose zum weiteren Therapieerfolg erlauben, ist deshalb sehr berechtigt. Die Angst vor Schmerzen ist als ein solcher wichtiger Faktor im Gespr\u00e4ch, aber der Beweis daf\u00fcr bleibt schwierig.<\/p><\/blockquote>\n<p><a href=\"https:\/\/www.thieme-connect.de\/DOI\/DOI?10.1055\/s-0034-1387148\">Thieme E-Journals &#8211; Journal Club Schmerzmedizin \/ Abstract<\/a><\/p>\n","protected":false},"excerpt":{"rendered":"<p>Chronische Schmerzen bleiben h\u00e4ufig therapieresistent, Behandlungserfolge durch intensive Therapie sind oft nur von kurzer Dauer. Die Frage nach Faktoren, die schon vorab eine Prognose zum weiteren Therapieerfolg erlauben, ist deshalb sehr berechtigt. Die Angst vor Schmerzen ist als ein solcher &hellip; <a href=\"https:\/\/www.psychologie-aktuell.info\/reha\/2015\/03\/je-groesser-die-angst-desto-staerker-der-schmerz\/\">Weiterlesen <span class=\"meta-nav\">&rarr;<\/span><\/a><\/p>\n","protected":false},"author":1,"featured_media":0,"comment_status":"closed","ping_status":"closed","sticky":false,"template":"","format":"standard","meta":{"_jetpack_memberships_contains_paid_content":false,"footnotes":""},"categories":[21],"tags":[],"class_list":["post-9317","post","type-post","status-publish","format-standard","hentry","category-zeitschriftenartikel"],"jetpack_featured_media_url":"","jetpack_shortlink":"https:\/\/wp.me\/p1fMVY-2qh","jetpack_sharing_enabled":true,"_links":{"self":[{"href":"https:\/\/www.psychologie-aktuell.info\/reha\/wp-json\/wp\/v2\/posts\/9317","targetHints":{"allow":["GET"]}}],"collection":[{"href":"https:\/\/www.psychologie-aktuell.info\/reha\/wp-json\/wp\/v2\/posts"}],"about":[{"href":"https:\/\/www.psychologie-aktuell.info\/reha\/wp-json\/wp\/v2\/types\/post"}],"author":[{"embeddable":true,"href":"https:\/\/www.psychologie-aktuell.info\/reha\/wp-json\/wp\/v2\/users\/1"}],"replies":[{"embeddable":true,"href":"https:\/\/www.psychologie-aktuell.info\/reha\/wp-json\/wp\/v2\/comments?post=9317"}],"version-history":[{"count":3,"href":"https:\/\/www.psychologie-aktuell.info\/reha\/wp-json\/wp\/v2\/posts\/9317\/revisions"}],"predecessor-version":[{"id":9459,"href":"https:\/\/www.psychologie-aktuell.info\/reha\/wp-json\/wp\/v2\/posts\/9317\/revisions\/9459"}],"wp:attachment":[{"href":"https:\/\/www.psychologie-aktuell.info\/reha\/wp-json\/wp\/v2\/media?parent=9317"}],"wp:term":[{"taxonomy":"category","embeddable":true,"href":"https:\/\/www.psychologie-aktuell.info\/reha\/wp-json\/wp\/v2\/categories?post=9317"},{"taxonomy":"post_tag","embeddable":true,"href":"https:\/\/www.psychologie-aktuell.info\/reha\/wp-json\/wp\/v2\/tags?post=9317"}],"curies":[{"name":"wp","href":"https:\/\/api.w.org\/{rel}","templated":true}]}}