{"id":9542,"date":"2015-04-27T13:58:54","date_gmt":"2015-04-27T11:58:54","guid":{"rendered":"http:\/\/www.psychologie-aktuell.info\/reha\/?p=9542"},"modified":"2015-04-27T14:03:31","modified_gmt":"2015-04-27T12:03:31","slug":"letzte-gelegenheit-vorschlaege-fuer-ueberarbeitung-der-reha-therapiestandards-nur-noch-bis-30-04-2015-einreichen","status":"publish","type":"post","link":"https:\/\/www.psychologie-aktuell.info\/reha\/2015\/04\/letzte-gelegenheit-vorschlaege-fuer-ueberarbeitung-der-reha-therapiestandards-nur-noch-bis-30-04-2015-einreichen\/","title":{"rendered":"Letzte Gelegenheit &#8211; Vorschl\u00e4ge f\u00fcr \u00dcberarbeitung der Reha-Therapiestandards nur noch bis 30.04.2015 einreichen"},"content":{"rendered":"<p>Das Diskussionsforum zur Aktualisierung der Reha-Therapiestandards ist nur noch bis Donnerstag ge\u00f6ffnet. Wer sich beteiligen m\u00f6chte, muss sich beeilen.<\/p>\n<blockquote><p>Herzlich Willkommen beim <a href=\"http:\/\/www.reha-therapiestandards.de\" target=\"_blank\">Diskussionsforum zur Aktualisierung der Reha-Therapiestandards <\/a>der Deutschen Rentenversicherung! <strong><span style=\"color: #ff0000;\">Das Diskussionsforum wird bis zum 30. April ge\u00f6ffnet sein.<\/span><\/strong><\/p>\n<p>&#8230;<\/p>\n<p>Die in diesem Forum vorliegenden Konsultationsfassungen sind als \u201cwork in progress\u201d zu verstehen. Es handelt sich hierbei um den derzeitigen Stand der Aktualisierung nach stattgefundener Literaturrecherche, KTL-Analyse, Auswertung des ersten Forums, Expertengespr\u00e4chen und internen \u00dcberlegungen.<\/p>\n<p>Anleitung: Wie kann ich meine Expertise und Erfahrungen in die Aktualisierung der Reha-Therapiestandards einflie\u00dfen lassen?<\/p>\n<p>In der rechten Spalte sehen Sie den Men\u00fcpunkt \u201cDie Reha-Therapiestandards\u201d. Hier finden Sie die Reha-Therapiestandards nach Indikationen gelistet, sowie ein \u00fcbergreifendes Forum. Alle Reha-Therapiestandards (z.B. Diabetes mellitus Typ 2) bilden eine eigene Kategorie, in der Sie durch Anklicken zu den entsprechenden evidenzbasierten Therapiemodulen (ETM) ihrer derzeitigen Form oder einem \u00fcbergreifendem Forum geleitet werden. Diese k\u00f6nnen Sie dann (bitte unter Angabe Ihres Namens, Funktion und Institution) kommentieren. Klicken Sie hier, um zu einer detaillierten Erkl\u00e4rung mit Beispiel zu gelangen.<\/p>\n<p>Wenn Sie eine umfangreiche inhaltliche Stellungnahme zu den Reha-Therapiestandards abgeben m\u00f6chten, ist es auch m\u00f6glich, diese direkt als Datei an die wissenschaftlichen Institute (erik.farin@uniklinik-freiburg.de) oder an die Deutsche Rentenversicherung Bund (eva.volke@drv-bund.de) zu senden.<\/p>\n<p>&#8230;<\/p><\/blockquote>\n","protected":false},"excerpt":{"rendered":"<p>Das Diskussionsforum zur Aktualisierung der Reha-Therapiestandards ist nur noch bis Donnerstag ge\u00f6ffnet. Wer sich beteiligen m\u00f6chte, muss sich beeilen. Herzlich Willkommen beim Diskussionsforum zur Aktualisierung der Reha-Therapiestandards der Deutschen Rentenversicherung! Das Diskussionsforum wird bis zum 30. April ge\u00f6ffnet sein. &#8230; &hellip; <a href=\"https:\/\/www.psychologie-aktuell.info\/reha\/2015\/04\/letzte-gelegenheit-vorschlaege-fuer-ueberarbeitung-der-reha-therapiestandards-nur-noch-bis-30-04-2015-einreichen\/\">Weiterlesen <span class=\"meta-nav\">&rarr;<\/span><\/a><\/p>\n","protected":false},"author":1,"featured_media":0,"comment_status":"closed","ping_status":"closed","sticky":false,"template":"","format":"standard","meta":{"_jetpack_memberships_contains_paid_content":false,"footnotes":""},"categories":[22,801],"tags":[],"class_list":["post-9542","post","type-post","status-publish","format-standard","hentry","category-allgemein","category-links-zu-online-news"],"jetpack_featured_media_url":"","jetpack_shortlink":"https:\/\/wp.me\/p1fMVY-2tU","jetpack_sharing_enabled":true,"_links":{"self":[{"href":"https:\/\/www.psychologie-aktuell.info\/reha\/wp-json\/wp\/v2\/posts\/9542","targetHints":{"allow":["GET"]}}],"collection":[{"href":"https:\/\/www.psychologie-aktuell.info\/reha\/wp-json\/wp\/v2\/posts"}],"about":[{"href":"https:\/\/www.psychologie-aktuell.info\/reha\/wp-json\/wp\/v2\/types\/post"}],"author":[{"embeddable":true,"href":"https:\/\/www.psychologie-aktuell.info\/reha\/wp-json\/wp\/v2\/users\/1"}],"replies":[{"embeddable":true,"href":"https:\/\/www.psychologie-aktuell.info\/reha\/wp-json\/wp\/v2\/comments?post=9542"}],"version-history":[{"count":3,"href":"https:\/\/www.psychologie-aktuell.info\/reha\/wp-json\/wp\/v2\/posts\/9542\/revisions"}],"predecessor-version":[{"id":9544,"href":"https:\/\/www.psychologie-aktuell.info\/reha\/wp-json\/wp\/v2\/posts\/9542\/revisions\/9544"}],"wp:attachment":[{"href":"https:\/\/www.psychologie-aktuell.info\/reha\/wp-json\/wp\/v2\/media?parent=9542"}],"wp:term":[{"taxonomy":"category","embeddable":true,"href":"https:\/\/www.psychologie-aktuell.info\/reha\/wp-json\/wp\/v2\/categories?post=9542"},{"taxonomy":"post_tag","embeddable":true,"href":"https:\/\/www.psychologie-aktuell.info\/reha\/wp-json\/wp\/v2\/tags?post=9542"}],"curies":[{"name":"wp","href":"https:\/\/api.w.org\/{rel}","templated":true}]}}