{"id":9579,"date":"2015-06-28T06:05:36","date_gmt":"2015-06-28T04:05:36","guid":{"rendered":"http:\/\/www.psychologie-aktuell.info\/reha\/?p=9579"},"modified":"2015-06-16T20:51:09","modified_gmt":"2015-06-16T18:51:09","slug":"kurzschlaefer-mit-uebergewicht-sind-besonders-gefaehrdet","status":"publish","type":"post","link":"https:\/\/www.psychologie-aktuell.info\/reha\/2015\/06\/kurzschlaefer-mit-uebergewicht-sind-besonders-gefaehrdet\/","title":{"rendered":"Kurzschl\u00e4fer mit \u00dcbergewicht sind besonders gef\u00e4hrdet"},"content":{"rendered":"<blockquote>\n<p>Sowohl eine verk\u00fcrzte als auch eine \u00fcberdurchschnittlich lange Schlafdauer ist mit einem erh\u00f6hten Mortalit\u00e4tsrisiko verkn\u00fcpft, wobei ver\u00e4nderliche Faktoren wie k\u00f6rperliche Aktivit\u00e4t, sitzender Lebensstil und \u00dcbergewicht die Assoziation m\u00f6glicherweise beeinflussen. Die Aufkl\u00e4rung dieser Zusammenh\u00e4nge k\u00f6nnte helfen zu verstehen, \u00fcber welche Mechanismen die Schlafdauer die Gesundheit beeinflusst und welche Menschen besonders vulnerabel sind.<\/p>\n<\/blockquote>\n<p><a href=\"https:\/\/www.thieme-connect.de\/DOI\/DOI?10.1055\/s-0035-1548901\">Thieme E-Journals &#8211; Das Gesundheitswesen \/ Abstract<\/a><\/p>\n","protected":false},"excerpt":{"rendered":"<p>Sowohl eine verk\u00fcrzte als auch eine \u00fcberdurchschnittlich lange Schlafdauer ist mit einem erh\u00f6hten Mortalit\u00e4tsrisiko verkn\u00fcpft, wobei ver\u00e4nderliche Faktoren wie k\u00f6rperliche Aktivit\u00e4t, sitzender Lebensstil und \u00dcbergewicht die Assoziation m\u00f6glicherweise beeinflussen. Die Aufkl\u00e4rung dieser Zusammenh\u00e4nge k\u00f6nnte helfen zu verstehen, \u00fcber welche Mechanismen &hellip; <a href=\"https:\/\/www.psychologie-aktuell.info\/reha\/2015\/06\/kurzschlaefer-mit-uebergewicht-sind-besonders-gefaehrdet\/\">Weiterlesen <span class=\"meta-nav\">&rarr;<\/span><\/a><\/p>\n","protected":false},"author":1,"featured_media":0,"comment_status":"closed","ping_status":"closed","sticky":false,"template":"","format":"standard","meta":{"_jetpack_memberships_contains_paid_content":false,"footnotes":""},"categories":[21],"tags":[],"class_list":["post-9579","post","type-post","status-publish","format-standard","hentry","category-zeitschriftenartikel"],"jetpack_featured_media_url":"","jetpack_shortlink":"https:\/\/wp.me\/p1fMVY-2uv","jetpack_sharing_enabled":true,"_links":{"self":[{"href":"https:\/\/www.psychologie-aktuell.info\/reha\/wp-json\/wp\/v2\/posts\/9579","targetHints":{"allow":["GET"]}}],"collection":[{"href":"https:\/\/www.psychologie-aktuell.info\/reha\/wp-json\/wp\/v2\/posts"}],"about":[{"href":"https:\/\/www.psychologie-aktuell.info\/reha\/wp-json\/wp\/v2\/types\/post"}],"author":[{"embeddable":true,"href":"https:\/\/www.psychologie-aktuell.info\/reha\/wp-json\/wp\/v2\/users\/1"}],"replies":[{"embeddable":true,"href":"https:\/\/www.psychologie-aktuell.info\/reha\/wp-json\/wp\/v2\/comments?post=9579"}],"version-history":[{"count":1,"href":"https:\/\/www.psychologie-aktuell.info\/reha\/wp-json\/wp\/v2\/posts\/9579\/revisions"}],"predecessor-version":[{"id":9580,"href":"https:\/\/www.psychologie-aktuell.info\/reha\/wp-json\/wp\/v2\/posts\/9579\/revisions\/9580"}],"wp:attachment":[{"href":"https:\/\/www.psychologie-aktuell.info\/reha\/wp-json\/wp\/v2\/media?parent=9579"}],"wp:term":[{"taxonomy":"category","embeddable":true,"href":"https:\/\/www.psychologie-aktuell.info\/reha\/wp-json\/wp\/v2\/categories?post=9579"},{"taxonomy":"post_tag","embeddable":true,"href":"https:\/\/www.psychologie-aktuell.info\/reha\/wp-json\/wp\/v2\/tags?post=9579"}],"curies":[{"name":"wp","href":"https:\/\/api.w.org\/{rel}","templated":true}]}}