{"id":9581,"date":"2015-06-08T19:06:18","date_gmt":"2015-06-08T17:06:18","guid":{"rendered":"http:\/\/www.psychologie-aktuell.info\/reha\/?p=9581"},"modified":"2015-06-08T19:14:20","modified_gmt":"2015-06-08T17:14:20","slug":"assoziation-zwischen-bewegungsmangel-und-krebs","status":"publish","type":"post","link":"https:\/\/www.psychologie-aktuell.info\/reha\/2015\/06\/assoziation-zwischen-bewegungsmangel-und-krebs\/","title":{"rendered":"Assoziation zwischen Bewegungsmangel und Krebs"},"content":{"rendered":"<blockquote>\n<p>Zunehmender Fernsehkonsum und eine wachsende private und berufliche Computernutzung haben in den vergangenen Jahren dazu gef\u00fchrt, dass die Menschen ihre Zeit in verst\u00e4rktem Ma\u00df sitzend verbringen. Bei Erwachsenen trifft dies auf 50\u201360\u2005% des Tages zu. Sitzend verbrachte Zeit ist ein unabh\u00e4ngiger Risikofaktor f\u00fcr chronische Erkrankungen und Mortalit\u00e4t. D. Schmid und M. F. Leitzmann untersuchten nun im Rahmen einer Metaanalyse, wie sich Fernsehen und eine sitzende Lebensweise auf das Krebsrisiko auswirken.<\/p>\n<\/blockquote>\n<p><a href=\"https:\/\/www.thieme-connect.de\/DOI\/DOI?10.1055\/s-0035-1548905\">Thieme E-Journals &#8211; Das Gesundheitswesen \/ Abstract<\/a><\/p>\n","protected":false},"excerpt":{"rendered":"<p>Zunehmender Fernsehkonsum und eine wachsende private und berufliche Computernutzung haben in den vergangenen Jahren dazu gef\u00fchrt, dass die Menschen ihre Zeit in verst\u00e4rktem Ma\u00df sitzend verbringen. Bei Erwachsenen trifft dies auf 50\u201360\u2005% des Tages zu. Sitzend verbrachte Zeit ist ein &hellip; <a href=\"https:\/\/www.psychologie-aktuell.info\/reha\/2015\/06\/assoziation-zwischen-bewegungsmangel-und-krebs\/\">Weiterlesen <span class=\"meta-nav\">&rarr;<\/span><\/a><\/p>\n","protected":false},"author":1,"featured_media":0,"comment_status":"closed","ping_status":"closed","sticky":false,"template":"","format":"standard","meta":{"_jetpack_memberships_contains_paid_content":false,"footnotes":""},"categories":[21],"tags":[],"class_list":["post-9581","post","type-post","status-publish","format-standard","hentry","category-zeitschriftenartikel"],"jetpack_featured_media_url":"","jetpack_shortlink":"https:\/\/wp.me\/p1fMVY-2ux","jetpack_sharing_enabled":true,"_links":{"self":[{"href":"https:\/\/www.psychologie-aktuell.info\/reha\/wp-json\/wp\/v2\/posts\/9581","targetHints":{"allow":["GET"]}}],"collection":[{"href":"https:\/\/www.psychologie-aktuell.info\/reha\/wp-json\/wp\/v2\/posts"}],"about":[{"href":"https:\/\/www.psychologie-aktuell.info\/reha\/wp-json\/wp\/v2\/types\/post"}],"author":[{"embeddable":true,"href":"https:\/\/www.psychologie-aktuell.info\/reha\/wp-json\/wp\/v2\/users\/1"}],"replies":[{"embeddable":true,"href":"https:\/\/www.psychologie-aktuell.info\/reha\/wp-json\/wp\/v2\/comments?post=9581"}],"version-history":[{"count":1,"href":"https:\/\/www.psychologie-aktuell.info\/reha\/wp-json\/wp\/v2\/posts\/9581\/revisions"}],"predecessor-version":[{"id":9582,"href":"https:\/\/www.psychologie-aktuell.info\/reha\/wp-json\/wp\/v2\/posts\/9581\/revisions\/9582"}],"wp:attachment":[{"href":"https:\/\/www.psychologie-aktuell.info\/reha\/wp-json\/wp\/v2\/media?parent=9581"}],"wp:term":[{"taxonomy":"category","embeddable":true,"href":"https:\/\/www.psychologie-aktuell.info\/reha\/wp-json\/wp\/v2\/categories?post=9581"},{"taxonomy":"post_tag","embeddable":true,"href":"https:\/\/www.psychologie-aktuell.info\/reha\/wp-json\/wp\/v2\/tags?post=9581"}],"curies":[{"name":"wp","href":"https:\/\/api.w.org\/{rel}","templated":true}]}}