{"id":9585,"date":"2015-06-06T06:08:32","date_gmt":"2015-06-06T04:08:32","guid":{"rendered":"http:\/\/www.psychologie-aktuell.info\/reha\/?p=9585"},"modified":"2015-06-01T08:34:43","modified_gmt":"2015-06-01T06:34:43","slug":"psychische-stoerungen-und-rehabilitation","status":"publish","type":"post","link":"https:\/\/www.psychologie-aktuell.info\/reha\/2015\/06\/psychische-stoerungen-und-rehabilitation\/","title":{"rendered":"Psychische St\u00f6rungen und Rehabilitation"},"content":{"rendered":"<blockquote><p>Psychische St\u00f6rungen sind heute ein aktuelles Thema der Diskussionen in Wissenschaft und Fach\u00f6ffentlichkeit, in Politik und Medien. Ihre Bedeutung f\u00fcr Rehabilitation und Erwerbsminderung ist und bleibt hoch, ungeachtet der Tatsache, dass es kaum Belege f\u00fcr einen realen Anstieg der Pr\u00e4valenz der psychischen Erkrankungen in der Bev\u00f6lkerung gibt. Auch das diesj\u00e4hrige Rehabilitationswissenschaftliche Kolloquium der Deutschen Rentenversicherung und der Deutschen Gesellschaft f\u00fcr Rehabilitationswissenschaften (DGRW) greift die Diskussion mit dem Rahmenthema \u201ePsychische St\u00f6rungen \u2013 Herausforderungen f\u00fcr Pr\u00e4vention und Rehabilitation\u201c auf. Die wachsende Bedeutung von psychischen St\u00f6rungen f\u00fcr Rehabilitation und Erwerbsminderung hat die Deutsche Rentenversicherung im letzten Jahr dazu bewogen, ihre Standpunkte und Strategien in einem umfassenden Positionspapier zusammenzufassen. Die Krankenversicherung und die Bundespsychotherapeutenkammer haben ebenfalls Vorschl\u00e4ge zur Verbesserung der Versorgungssituation ver\u00f6ffentlicht.<\/p><\/blockquote>\n<p><a href=\"https:\/\/www.thieme-connect.de\/DOI\/DOI?10.1055\/s-0035-1548806\">Thieme E-Journals &#8211; Die Rehabilitation \/ Abstract<\/a><\/p>\n","protected":false},"excerpt":{"rendered":"<p>Psychische St\u00f6rungen sind heute ein aktuelles Thema der Diskussionen in Wissenschaft und Fach\u00f6ffentlichkeit, in Politik und Medien. Ihre Bedeutung f\u00fcr Rehabilitation und Erwerbsminderung ist und bleibt hoch, ungeachtet der Tatsache, dass es kaum Belege f\u00fcr einen realen Anstieg der Pr\u00e4valenz &hellip; <a href=\"https:\/\/www.psychologie-aktuell.info\/reha\/2015\/06\/psychische-stoerungen-und-rehabilitation\/\">Weiterlesen <span class=\"meta-nav\">&rarr;<\/span><\/a><\/p>\n","protected":false},"author":1,"featured_media":0,"comment_status":"closed","ping_status":"closed","sticky":false,"template":"","format":"standard","meta":{"_jetpack_memberships_contains_paid_content":false,"footnotes":""},"categories":[21],"tags":[],"class_list":["post-9585","post","type-post","status-publish","format-standard","hentry","category-zeitschriftenartikel"],"jetpack_featured_media_url":"","jetpack_shortlink":"https:\/\/wp.me\/p1fMVY-2uB","jetpack_sharing_enabled":true,"_links":{"self":[{"href":"https:\/\/www.psychologie-aktuell.info\/reha\/wp-json\/wp\/v2\/posts\/9585","targetHints":{"allow":["GET"]}}],"collection":[{"href":"https:\/\/www.psychologie-aktuell.info\/reha\/wp-json\/wp\/v2\/posts"}],"about":[{"href":"https:\/\/www.psychologie-aktuell.info\/reha\/wp-json\/wp\/v2\/types\/post"}],"author":[{"embeddable":true,"href":"https:\/\/www.psychologie-aktuell.info\/reha\/wp-json\/wp\/v2\/users\/1"}],"replies":[{"embeddable":true,"href":"https:\/\/www.psychologie-aktuell.info\/reha\/wp-json\/wp\/v2\/comments?post=9585"}],"version-history":[{"count":3,"href":"https:\/\/www.psychologie-aktuell.info\/reha\/wp-json\/wp\/v2\/posts\/9585\/revisions"}],"predecessor-version":[{"id":9634,"href":"https:\/\/www.psychologie-aktuell.info\/reha\/wp-json\/wp\/v2\/posts\/9585\/revisions\/9634"}],"wp:attachment":[{"href":"https:\/\/www.psychologie-aktuell.info\/reha\/wp-json\/wp\/v2\/media?parent=9585"}],"wp:term":[{"taxonomy":"category","embeddable":true,"href":"https:\/\/www.psychologie-aktuell.info\/reha\/wp-json\/wp\/v2\/categories?post=9585"},{"taxonomy":"post_tag","embeddable":true,"href":"https:\/\/www.psychologie-aktuell.info\/reha\/wp-json\/wp\/v2\/tags?post=9585"}],"curies":[{"name":"wp","href":"https:\/\/api.w.org\/{rel}","templated":true}]}}