{"id":9599,"date":"2015-06-04T06:13:29","date_gmt":"2015-06-04T04:13:29","guid":{"rendered":"http:\/\/www.psychologie-aktuell.info\/reha\/?p=9599"},"modified":"2015-06-01T08:33:44","modified_gmt":"2015-06-01T06:33:44","slug":"skalen-zur-erfassung-des-koerperkonzepts-bei-uro-onkologischen-patienten-in-der-rehabilitation","status":"publish","type":"post","link":"https:\/\/www.psychologie-aktuell.info\/reha\/2015\/06\/skalen-zur-erfassung-des-koerperkonzepts-bei-uro-onkologischen-patienten-in-der-rehabilitation\/","title":{"rendered":"Skalen zur Erfassung des K\u00f6rperkonzepts bei uro-onkologischen Patienten in der Rehabilitation"},"content":{"rendered":"<blockquote><p>Skalen zur Erfassung des K\u00f6rperkonzepts bei uro-onkologischen Patienten in der Rehabilitation. Eine psychometrische und faktorenanalytische Entwicklung von K\u00f6rperkonzeptskalen auf der Grundlage von Einstellungen radikal-retropubisch-prostatektomierter Patienten zum eignen K\u00f6rper<\/p>\n<p><span class=\"b\">Hintergrund:<\/span> Das Ziel der Studie liegt in einer Entwicklung und Testung eines speziell entwickelten K\u00f6rperkonzeptfragebogens f\u00fcr Patienten nach uro-onkologischen Erkrankungen. Prim\u00e4r soll der Fragebogen durch psychometrische Kriterien auf Tauglichkeit getestet werden, gleichzeitig sollen aber auch epidemiologisch vergleichbare Daten von Patienten nach radikaler retropubischer Prostatektomie (RRP) generiert werden.<\/p><\/blockquote>\n<p><a href=\"https:\/\/www.thieme-connect.de\/DOI\/DOI?10.1055\/s-0035-1545340\">Thieme E-Journals &#8211; Physikalische Medizin, Rehabilitationsmedizin, Kurortmedizin \/ Abstract<\/a><\/p>\n","protected":false},"excerpt":{"rendered":"<p>Skalen zur Erfassung des K\u00f6rperkonzepts bei uro-onkologischen Patienten in der Rehabilitation. Eine psychometrische und faktorenanalytische Entwicklung von K\u00f6rperkonzeptskalen auf der Grundlage von Einstellungen radikal-retropubisch-prostatektomierter Patienten zum eignen K\u00f6rper Hintergrund: Das Ziel der Studie liegt in einer Entwicklung und Testung eines &hellip; <a href=\"https:\/\/www.psychologie-aktuell.info\/reha\/2015\/06\/skalen-zur-erfassung-des-koerperkonzepts-bei-uro-onkologischen-patienten-in-der-rehabilitation\/\">Weiterlesen <span class=\"meta-nav\">&rarr;<\/span><\/a><\/p>\n","protected":false},"author":1,"featured_media":0,"comment_status":"closed","ping_status":"closed","sticky":false,"template":"","format":"standard","meta":{"_jetpack_memberships_contains_paid_content":false,"footnotes":""},"categories":[21],"tags":[],"class_list":["post-9599","post","type-post","status-publish","format-standard","hentry","category-zeitschriftenartikel"],"jetpack_featured_media_url":"","jetpack_shortlink":"https:\/\/wp.me\/p1fMVY-2uP","jetpack_sharing_enabled":true,"_links":{"self":[{"href":"https:\/\/www.psychologie-aktuell.info\/reha\/wp-json\/wp\/v2\/posts\/9599","targetHints":{"allow":["GET"]}}],"collection":[{"href":"https:\/\/www.psychologie-aktuell.info\/reha\/wp-json\/wp\/v2\/posts"}],"about":[{"href":"https:\/\/www.psychologie-aktuell.info\/reha\/wp-json\/wp\/v2\/types\/post"}],"author":[{"embeddable":true,"href":"https:\/\/www.psychologie-aktuell.info\/reha\/wp-json\/wp\/v2\/users\/1"}],"replies":[{"embeddable":true,"href":"https:\/\/www.psychologie-aktuell.info\/reha\/wp-json\/wp\/v2\/comments?post=9599"}],"version-history":[{"count":3,"href":"https:\/\/www.psychologie-aktuell.info\/reha\/wp-json\/wp\/v2\/posts\/9599\/revisions"}],"predecessor-version":[{"id":9630,"href":"https:\/\/www.psychologie-aktuell.info\/reha\/wp-json\/wp\/v2\/posts\/9599\/revisions\/9630"}],"wp:attachment":[{"href":"https:\/\/www.psychologie-aktuell.info\/reha\/wp-json\/wp\/v2\/media?parent=9599"}],"wp:term":[{"taxonomy":"category","embeddable":true,"href":"https:\/\/www.psychologie-aktuell.info\/reha\/wp-json\/wp\/v2\/categories?post=9599"},{"taxonomy":"post_tag","embeddable":true,"href":"https:\/\/www.psychologie-aktuell.info\/reha\/wp-json\/wp\/v2\/tags?post=9599"}],"curies":[{"name":"wp","href":"https:\/\/api.w.org\/{rel}","templated":true}]}}