{"id":9619,"date":"2015-06-02T07:22:59","date_gmt":"2015-06-02T05:22:59","guid":{"rendered":"http:\/\/www.psychologie-aktuell.info\/reha\/?p=9619"},"modified":"2015-06-01T08:33:07","modified_gmt":"2015-06-01T06:33:07","slug":"anpassung-an-ein-belastendes-ereignis-im-paar-depressionen-beim-partner-als-risiko-fuer-das-auftreten-von-anpassungsstoerungen","status":"publish","type":"post","link":"https:\/\/www.psychologie-aktuell.info\/reha\/2015\/06\/anpassung-an-ein-belastendes-ereignis-im-paar-depressionen-beim-partner-als-risiko-fuer-das-auftreten-von-anpassungsstoerungen\/","title":{"rendered":"Anpassung an ein belastendes Ereignis im Paar: Depressionen beim Partner als Risiko f\u00fcr das Auftreten von Anpassungsst\u00f6rungen"},"content":{"rendered":"<blockquote><p>Maladaptive Reaktionen auf ein belastendes Ereignis, die die Diagnose f\u00fcr eine Anpassungsst\u00f6rung legitimieren, sind h\u00e4ufig und einschr\u00e4nkend. Wenig ist dar\u00fcber bekannt, inwiefern der soziale Kontext ein Risiko f\u00fcr eine klinisch bedeutsame Anpassungsproblematik darstellt. Es liegt nahe dies zu erwarten, da bereits bekannt ist, dass Depressionen das Kommunikationsverhalten im Paar \u00e4ndern und Unterst\u00fctzungs-Ressourcen verschlechtern.<br \/>\nZiel dieser Studie ist zu untersuchen, inwiefern klinisch bedeutsame Depressionen des Partners das Risiko einer Anpassungsst\u00f6rung nach dem Konzept der Stress-Response-St\u00f6rung erh\u00f6ht. Weiterhin soll unter einer dimensionalen Perspektive analysiert werden, ob eine erh\u00f6hte Anzahl depressiver Symptome beim Partner mit mehr Anpassungsst\u00f6rungssymptomen einhergeht. Dieser Zusammenhang soll kontrolliert f\u00fcr die depressiven Symptome des Betroffenen untersucht werden, wodurch reine depressive Ansteckung im Paar ausgeschlossen werden kann und klar stressorbezogene Reaktionen isoliert werden.<\/p>\n<p>&#8230;<\/p>\n<p>Die depressive Belastung des Partners spielt eine wichtige Rolle bei der Frage, ob sich nach einem belastenden Ereignis klinisch bedeutsame maladaptive Reaktionen zeigen. Dies gilt insbesondere f\u00fcr M\u00e4nner, bei Frauen konnten diese Zusammenh\u00e4nge in der Studie nicht beobachtet werden. Insgesamt k\u00f6nnen die Ergebnisse als weitere Ermunterung gesehen werden, in Forschung und im klinischen Alltag den interpersonellen Kontext des Betroffenen entsprechend zu ber\u00fccksichtigen und gegebenenfalls gezielt zu st\u00fctzen.<\/p><\/blockquote>\n<p><a href=\"https:\/\/www.thieme-connect.de\/DOI\/DOI?10.1055\/s-0035-1545310\">Thieme E-Journals &#8211; PPmP &#8211; Psychotherapie \u00b7 Psychosomatik \u00b7 Medizinische Psychologie \/ Abstract<\/a><\/p>\n","protected":false},"excerpt":{"rendered":"<p>Maladaptive Reaktionen auf ein belastendes Ereignis, die die Diagnose f\u00fcr eine Anpassungsst\u00f6rung legitimieren, sind h\u00e4ufig und einschr\u00e4nkend. Wenig ist dar\u00fcber bekannt, inwiefern der soziale Kontext ein Risiko f\u00fcr eine klinisch bedeutsame Anpassungsproblematik darstellt. Es liegt nahe dies zu erwarten, da &hellip; <a href=\"https:\/\/www.psychologie-aktuell.info\/reha\/2015\/06\/anpassung-an-ein-belastendes-ereignis-im-paar-depressionen-beim-partner-als-risiko-fuer-das-auftreten-von-anpassungsstoerungen\/\">Weiterlesen <span class=\"meta-nav\">&rarr;<\/span><\/a><\/p>\n","protected":false},"author":1,"featured_media":0,"comment_status":"closed","ping_status":"closed","sticky":false,"template":"","format":"standard","meta":{"_jetpack_memberships_contains_paid_content":false,"footnotes":""},"categories":[21],"tags":[],"class_list":["post-9619","post","type-post","status-publish","format-standard","hentry","category-zeitschriftenartikel"],"jetpack_featured_media_url":"","jetpack_shortlink":"https:\/\/wp.me\/p1fMVY-2v9","jetpack_sharing_enabled":true,"_links":{"self":[{"href":"https:\/\/www.psychologie-aktuell.info\/reha\/wp-json\/wp\/v2\/posts\/9619","targetHints":{"allow":["GET"]}}],"collection":[{"href":"https:\/\/www.psychologie-aktuell.info\/reha\/wp-json\/wp\/v2\/posts"}],"about":[{"href":"https:\/\/www.psychologie-aktuell.info\/reha\/wp-json\/wp\/v2\/types\/post"}],"author":[{"embeddable":true,"href":"https:\/\/www.psychologie-aktuell.info\/reha\/wp-json\/wp\/v2\/users\/1"}],"replies":[{"embeddable":true,"href":"https:\/\/www.psychologie-aktuell.info\/reha\/wp-json\/wp\/v2\/comments?post=9619"}],"version-history":[{"count":3,"href":"https:\/\/www.psychologie-aktuell.info\/reha\/wp-json\/wp\/v2\/posts\/9619\/revisions"}],"predecessor-version":[{"id":9626,"href":"https:\/\/www.psychologie-aktuell.info\/reha\/wp-json\/wp\/v2\/posts\/9619\/revisions\/9626"}],"wp:attachment":[{"href":"https:\/\/www.psychologie-aktuell.info\/reha\/wp-json\/wp\/v2\/media?parent=9619"}],"wp:term":[{"taxonomy":"category","embeddable":true,"href":"https:\/\/www.psychologie-aktuell.info\/reha\/wp-json\/wp\/v2\/categories?post=9619"},{"taxonomy":"post_tag","embeddable":true,"href":"https:\/\/www.psychologie-aktuell.info\/reha\/wp-json\/wp\/v2\/tags?post=9619"}],"curies":[{"name":"wp","href":"https:\/\/api.w.org\/{rel}","templated":true}]}}