{"id":964,"date":"2010-01-16T08:08:00","date_gmt":"2010-01-16T06:08:00","guid":{"rendered":"http:\/\/www.reha-psychologie.net\/reha\/2010\/01\/therapeutische-arbeitsbeziehungen-wahl-der-kleidung-entscheidend\/"},"modified":"2010-01-15T20:12:44","modified_gmt":"2010-01-15T18:12:44","slug":"therapeutische-arbeitsbeziehungen-wahl-der-kleidung-entscheidend","status":"publish","type":"post","link":"https:\/\/www.psychologie-aktuell.info\/reha\/2010\/01\/therapeutische-arbeitsbeziehungen-wahl-der-kleidung-entscheidend\/","title":{"rendered":"Therapeutische Arbeitsbeziehungen: Wahl der Kleidung entscheidend"},"content":{"rendered":"<blockquote><p>Auch bei Psychotherapeuten gilt: Kleider machen Leute. F\u00fcr die Beziehung zum Patienten spielt die Wahl des Kleidungsstils und der Farben eine wichtige Rolle.<\/p>\n<p>F\u00fcr Psychologen, Psychotherapeuten und Psychiater gibt es kaum Kleidungsvorschriften. Selbst im klinischen Kontext ist es oft nicht erforderlich, sich \u00e4hnlich wie \u00c4rzte zum Beispiel ganz in Wei\u00df zu kleiden oder andere Berufskleidung anzulegen. Psychotherapeuten und verwandte Berufsgruppen kleiden sich daher meist nach eigenem Gusto. Dabei sind sie sich nicht immer dar\u00fcber bewusst, welchen Eindruck ihr \u00e4u\u00dferes Erscheinungsbild auf Patienten macht und was Patienten erwarten; auch die Konsequenzen werden nicht immer reflektiert. Nach Meinung US-amerikanischer Psychiater um Nikhil Nihalani sollten Psychotherapeuten, Psychiater und Psychologen jedoch ihrer Kleidung und anderen Elementen ihres \u00e4u\u00dferen Erscheinungsbilds mehr Beachtung schenken. Dies kann die therapeutische Arbeitsbeziehung von Anfang an beeinflussen.<\/p><\/blockquote>\n<p>Quelle: <a href=\"http:\/\/www.aerzteblatt.de\/v4\/archiv\/artikel.asp?src=heft&amp;id=67365\">Deutsches \u00c4rzteblatt: Archiv &#8222;Therapeutische Arbeitsbeziehungen: Wahl der Kleidung entscheidend&#8220; (10.01.2010)<\/a><\/p>\n","protected":false},"excerpt":{"rendered":"<p>Auch bei Psychotherapeuten gilt: Kleider machen Leute. F\u00fcr die Beziehung zum Patienten spielt die Wahl des Kleidungsstils und der Farben eine wichtige Rolle. F\u00fcr Psychologen, Psychotherapeuten und Psychiater gibt es kaum Kleidungsvorschriften. Selbst im klinischen Kontext ist es oft nicht &hellip; <a href=\"https:\/\/www.psychologie-aktuell.info\/reha\/2010\/01\/therapeutische-arbeitsbeziehungen-wahl-der-kleidung-entscheidend\/\">Weiterlesen <span class=\"meta-nav\">&rarr;<\/span><\/a><\/p>\n","protected":false},"author":1,"featured_media":0,"comment_status":"open","ping_status":"open","sticky":false,"template":"","format":"standard","meta":{"_jetpack_memberships_contains_paid_content":false,"footnotes":""},"categories":[21,22],"tags":[52],"class_list":["post-964","post","type-post","status-publish","format-standard","hentry","category-zeitschriftenartikel","category-allgemein","tag-behandlung-therapie"],"jetpack_featured_media_url":"","jetpack_shortlink":"https:\/\/wp.me\/p1fMVY-fy","jetpack_sharing_enabled":true,"_links":{"self":[{"href":"https:\/\/www.psychologie-aktuell.info\/reha\/wp-json\/wp\/v2\/posts\/964","targetHints":{"allow":["GET"]}}],"collection":[{"href":"https:\/\/www.psychologie-aktuell.info\/reha\/wp-json\/wp\/v2\/posts"}],"about":[{"href":"https:\/\/www.psychologie-aktuell.info\/reha\/wp-json\/wp\/v2\/types\/post"}],"author":[{"embeddable":true,"href":"https:\/\/www.psychologie-aktuell.info\/reha\/wp-json\/wp\/v2\/users\/1"}],"replies":[{"embeddable":true,"href":"https:\/\/www.psychologie-aktuell.info\/reha\/wp-json\/wp\/v2\/comments?post=964"}],"version-history":[{"count":1,"href":"https:\/\/www.psychologie-aktuell.info\/reha\/wp-json\/wp\/v2\/posts\/964\/revisions"}],"predecessor-version":[{"id":965,"href":"https:\/\/www.psychologie-aktuell.info\/reha\/wp-json\/wp\/v2\/posts\/964\/revisions\/965"}],"wp:attachment":[{"href":"https:\/\/www.psychologie-aktuell.info\/reha\/wp-json\/wp\/v2\/media?parent=964"}],"wp:term":[{"taxonomy":"category","embeddable":true,"href":"https:\/\/www.psychologie-aktuell.info\/reha\/wp-json\/wp\/v2\/categories?post=964"},{"taxonomy":"post_tag","embeddable":true,"href":"https:\/\/www.psychologie-aktuell.info\/reha\/wp-json\/wp\/v2\/tags?post=964"}],"curies":[{"name":"wp","href":"https:\/\/api.w.org\/{rel}","templated":true}]}}